{"id":10648,"date":"2025-02-10T11:07:40","date_gmt":"2025-02-10T11:07:40","guid":{"rendered":"https:\/\/www.sienna-im.com\/?p=10648"},"modified":"2025-02-10T11:07:40","modified_gmt":"2025-02-10T11:07:40","slug":"sienna-im-opinion-comment-democratiser-les-actifs-prives","status":"publish","type":"post","link":"https:\/\/www.sienna-im.com\/fr\/news\/sienna-im-opinion-comment-democratiser-les-actifs-prives\/","title":{"rendered":"Opinion \u00ab Comment d\u00e9mocratiser les actifs priv\u00e9s ? \u00bb"},"content":{"rendered":"<p>En redirigeant l&rsquo;\u00e9pargne des Fran\u00e7ais vers des actifs non cot\u00e9s, la Loi Industrie Verte va mobiliser l&rsquo;investissement au service de l&rsquo;\u00e9conomie r\u00e9elle.<\/p>\n<p>Paul de Leusse appelle \u00e0 une gestion transparente et \u00e9quilibr\u00e9e.<\/p>\n<p>D\u00e9couvrez sa tribune parue dans Les Echos\u00a0: <a href=\"https:\/\/www.lesechos.fr\/idees-debats\/cercle\/opinion-comment-democratiser-les-actifs-prives-2147590\">Opinion | Comment d\u00e9mocratiser les actifs priv\u00e9s\u00a0? | Les Echos<\/a><\/p>\n<p><strong>\u00a0<\/strong><\/p>\n","protected":false},"excerpt":{"rendered":"<p>En redirigeant l&rsquo;\u00e9pargne des Fran\u00e7ais vers des actifs non cot\u00e9s, la Loi Industrie Verte va mobiliser l&rsquo;investissement au service de [&hellip;]<\/p>\n","protected":false},"author":2,"featured_media":10652,"comment_status":"closed","ping_status":"closed","sticky":false,"template":"","format":"standard","meta":{"_acf_changed":false,"footnotes":""},"categories":[73],"class_list":["post-10648","post","type-post","status-publish","format-standard","has-post-thumbnail","hentry"],"acf":{"file":10649,"file_label":"Download document"},"_links":{"self":[{"href":"https:\/\/www.sienna-im.com\/fr\/wp-json\/wp\/v2\/posts\/10648","targetHints":{"allow":["GET"]}}],"collection":[{"href":"https:\/\/www.sienna-im.com\/fr\/wp-json\/wp\/v2\/posts"}],"about":[{"href":"https:\/\/www.sienna-im.com\/fr\/wp-json\/wp\/v2\/types\/post"}],"author":[{"embeddable":true,"href":"https:\/\/www.sienna-im.com\/fr\/wp-json\/wp\/v2\/users\/2"}],"replies":[{"embeddable":true,"href":"https:\/\/www.sienna-im.com\/fr\/wp-json\/wp\/v2\/comments?post=10648"}],"version-history":[{"count":3,"href":"https:\/\/www.sienna-im.com\/fr\/wp-json\/wp\/v2\/posts\/10648\/revisions"}],"predecessor-version":[{"id":10657,"href":"https:\/\/www.sienna-im.com\/fr\/wp-json\/wp\/v2\/posts\/10648\/revisions\/10657"}],"wp:featuredmedia":[{"embeddable":true,"href":"https:\/\/www.sienna-im.com\/fr\/wp-json\/wp\/v2\/media\/10652"}],"wp:attachment":[{"href":"https:\/\/www.sienna-im.com\/fr\/wp-json\/wp\/v2\/media?parent=10648"}],"wp:term":[{"taxonomy":"category","embeddable":true,"href":"https:\/\/www.sienna-im.com\/fr\/wp-json\/wp\/v2\/categories?post=10648"}],"curies":[{"name":"wp","href":"https:\/\/api.w.org\/{rel}","templated":true}]}}