{"id":11867,"date":"2025-04-02T07:47:22","date_gmt":"2025-04-02T07:47:22","guid":{"rendered":"https:\/\/www.sienna-im.com\/?p=11867"},"modified":"2025-04-18T15:10:04","modified_gmt":"2025-04-18T15:10:04","slug":"sienna-im-sassocie-a-la-fondation-agroparistech-en-devenant-mecene-de-la-chaire-comptabilite-ecologique","status":"publish","type":"post","link":"https:\/\/www.sienna-im.com\/fr\/news\/sienna-im-sassocie-a-la-fondation-agroparistech-en-devenant-mecene-de-la-chaire-comptabilite-ecologique\/","title":{"rendered":"Sienna IM s\u2019associe \u00e0 la Fondation AgroParisTech, en devenant m\u00e9c\u00e8ne de la Chaire Comptabilit\u00e9 \u00e9cologique"},"content":{"rendered":"<p><span data-contrast=\"auto\">Convaincue de la responsabilit\u00e9 particuli\u00e8re dans la transition \u00e9cologique incombant aux acteurs financiers, Sienna Investment Managers (Sienna IM) devient m\u00e9c\u00e8ne de la Chaire partenariale de Comptabilit\u00e9 \u00e9cologique de la Fondation AgroParisTech. D\u2019une dur\u00e9e de 5 ans, ce partenariat soutiendra les travaux et les actions de la Chaire et permettra de mobiliser les recherches d\u2019int\u00e9r\u00eat g\u00e9n\u00e9ral pour orienter scientifiquement les \u00e9quipes de Sienna IM dans leurs activit\u00e9s.<\/span><span data-ccp-props=\"{&quot;201341983&quot;:0,&quot;335551550&quot;:6,&quot;335551620&quot;:6,&quot;335559739&quot;:0,&quot;335559740&quot;:240}\">\u00a0<\/span><span data-ccp-props=\"{&quot;201341983&quot;:0,&quot;335551550&quot;:6,&quot;335551620&quot;:6,&quot;335559739&quot;:0,&quot;335559740&quot;:240}\">\u00a0<\/span><\/p>\n<p><span data-contrast=\"auto\">Cr\u00e9\u00e9e en 2019, la Chaire Comptabilit\u00e9 \u00e9cologique a pour ambition d\u2019analyser et d\u2019\u00e9tudier les liens entre comptabilit\u00e9s et soutenabilit\u00e9, de d\u00e9velopper et de mod\u00e9liser les syst\u00e8mes comptables, et de promouvoir leur r\u00f4le dans les transformations \u00e9cologiques, afin d\u2019accompagner une transition durable des organisations et des territoires.\u00a0<\/span><span data-ccp-props=\"{&quot;201341983&quot;:0,&quot;335551550&quot;:6,&quot;335551620&quot;:6,&quot;335559739&quot;:0,&quot;335559740&quot;:240}\">\u00a0<\/span><\/p>\n<p><span data-contrast=\"auto\">Cet engagement fort pour la durabilit\u00e9 est partag\u00e9 par Sienna IM, dont la politique ESG appliqu\u00e9e aussi bien \u00e0 son fonctionnement qu\u2019aux entreprises financ\u00e9es est ax\u00e9e sur la pr\u00e9servation de la biodiversit\u00e9 et sur l\u2019action climatique. Une de ses r\u00e9centes initiatives, Sienna Biodiversity Private Credit Fund<\/span><span data-contrast=\"auto\">1<\/span><span data-contrast=\"auto\">, est le premier fonds adressant les enjeux de la biodiversit\u00e9 via des investissements en dette priv\u00e9e en Europe. Dans le cadre de la convention de m\u00e9c\u00e9nat, Sienna IM versera une partie des commissions de gestion de ce fonds \u00e0 la Fondation AgroParisTech pour la Chaire de comptabilit\u00e9 \u00e9cologique.<\/span><span data-ccp-props=\"{&quot;201341983&quot;:0,&quot;335551550&quot;:6,&quot;335551620&quot;:6,&quot;335559739&quot;:0,&quot;335559740&quot;:240}\">\u00a0<\/span><\/p>\n<p><span data-contrast=\"auto\">Olivier Guize, Pr\u00e9sident de la Fondation AgroParisTech\u202f: \u00ab\u202f<\/span><i><span data-contrast=\"auto\">Ce partenariat illustre parfaitement la mission de la Fondation\u202f: cr\u00e9er des passerelles entre la recherche acad\u00e9mique et les acteurs \u00e9conomiques pour soutenir les transitions. Nous sommes particuli\u00e8rement fiers que Sienna IM ait choisi notre Fondation pour ce premier engagement de m\u00e9c\u00e9nat, lequel doit permettre de d\u00e9terminer les conditions d\u2019une contribution profonde et concr\u00e8te de la comptabilit\u00e9 \u00e9cologique \u00e0 ces transitions.<\/span><\/i><span data-contrast=\"auto\">\u202f\u00bb<\/span><span data-ccp-props=\"{&quot;201341983&quot;:0,&quot;335551550&quot;:6,&quot;335551620&quot;:6,&quot;335559739&quot;:0,&quot;335559740&quot;:240}\">\u00a0<\/span><\/p>\n<p><span data-contrast=\"auto\">Laurent Dubois, Managing Director \u2013 Dette priv\u00e9e, Sienna IM\u202f:<\/span><i><span data-contrast=\"auto\">\u00a0\u00ab\u202fNous avons la conviction qu\u2019investir dans la Biodiversit\u00e9 nous aide \u00e0 pr\u00e9server notre avenir commun, mais cela n\u00e9cessite une d\u00e9marche rigoureuse et scientifique. Notre partenariat tripartite positionne Sienna IM en pointe de la connaissance et de la recherche en mati\u00e8re de d\u00e9veloppement durable. Cette d\u00e9marche permet \u00e0 nos \u00e9quipes de gestion d\u2019enrichir progressivement leur m\u00e9thodologie ESG au travers d\u2019indicateurs scientifiquement mesurables mais aussi de b\u00e9n\u00e9ficier d\u2019une veille sur les d\u00e9veloppements les plus r\u00e9cents d\u2019\u00e9quipes au plus haut niveau. Parall\u00e8lement, le partage d\u2019exp\u00e9rience et le r\u00e9seau mis \u00e0 disposition par nos \u00e9quipes viendront nourrir les travaux de la Chaire.<\/span><\/i><span data-contrast=\"auto\">\u00a0\u00bb<\/span><span data-ccp-props=\"{&quot;134233117&quot;:false,&quot;134233118&quot;:false,&quot;201341983&quot;:0,&quot;335551550&quot;:6,&quot;335551620&quot;:6,&quot;335559738&quot;:0,&quot;335559739&quot;:0,&quot;335559740&quot;:240}\">\u00a0<\/span><\/p>\n<p><b><span data-contrast=\"none\">A propos de la Fondation AgroParisTech\u202f \u202f<\/span><\/b><span data-ccp-props=\"{&quot;201341983&quot;:0,&quot;335551550&quot;:6,&quot;335551620&quot;:6,&quot;335559738&quot;:60,&quot;335559739&quot;:0,&quot;335559740&quot;:240}\">\u00a0<\/span><\/p>\n<p><span data-contrast=\"auto\">Cr\u00e9\u00e9e en 2012, la Fondation AgroParisTech reconnue d\u2019utilit\u00e9 publique \u0153uvre pour l\u2019int\u00e9r\u00eat g\u00e9n\u00e9ral en soutenant la recherche scientifique et l\u2019excellence acad\u00e9mique d\u2019AgroParisTech. Gr\u00e2ce au levier du m\u00e9c\u00e9nat de particuliers, partenaires \u00e9conomiques et publics, elle agit comme un catalyseur au service des transitions : agro\u00e9cologie, alimentation, \u00e9conomie circulaire, sant\u00e9. Elle accompagne la cr\u00e9ation de chaires de recherche, d\u2019enseignement et de diffusion des connaissances, finance des bourses \u00e9tudiantes, incite \u00e0 l\u2019engagement solidaire et citoyen, et soutient l\u2019entrepreneuriat. La Fondation AgroParisTech encourage chacun \u00e0 imaginer des projets collectifs, ambitieux, fond\u00e9s sur la science et porteurs de solutions. Plus d\u2019informations sur :\u00a0<\/span><a href=\"http:\/\/www.fondation.agroparistech.fr\/\"><span data-contrast=\"none\">www.fondation.agroparistech.fr<\/span><\/a><span data-ccp-props=\"{&quot;335551550&quot;:6,&quot;335551620&quot;:6,&quot;335559739&quot;:0}\">\u00a0<\/span><\/p>\n<p><span data-ccp-props=\"{&quot;335551550&quot;:6,&quot;335551620&quot;:6,&quot;335559739&quot;:0}\">[1] g\u00e9r\u00e9 par Sienna AM France, soci\u00e9t\u00e9 de gestion agr\u00e9\u00e9e par l\u2019AMF n\u00b0GP97118, membre du groupe Sienna IM<\/span><\/p>\n","protected":false},"excerpt":{"rendered":"<p>Convaincue de la responsabilit\u00e9 particuli\u00e8re dans la transition \u00e9cologique incombant aux acteurs financiers, Sienna Investment Managers (Sienna IM) devient m\u00e9c\u00e8ne [&hellip;]<\/p>\n","protected":false},"author":2,"featured_media":11373,"comment_status":"closed","ping_status":"closed","sticky":false,"template":"","format":"standard","meta":{"_acf_changed":false,"footnotes":""},"categories":[133,87,73,32,140],"class_list":["post-11867","post","type-post","status-publish","format-standard","has-post-thumbnail","hentry"],"acf":{"file":11410,"file_label":"T\u00e9l\u00e9charger le communiqu\u00e9"},"_links":{"self":[{"href":"https:\/\/www.sienna-im.com\/fr\/wp-json\/wp\/v2\/posts\/11867","targetHints":{"allow":["GET"]}}],"collection":[{"href":"https:\/\/www.sienna-im.com\/fr\/wp-json\/wp\/v2\/posts"}],"about":[{"href":"https:\/\/www.sienna-im.com\/fr\/wp-json\/wp\/v2\/types\/post"}],"author":[{"embeddable":true,"href":"https:\/\/www.sienna-im.com\/fr\/wp-json\/wp\/v2\/users\/2"}],"replies":[{"embeddable":true,"href":"https:\/\/www.sienna-im.com\/fr\/wp-json\/wp\/v2\/comments?post=11867"}],"version-history":[{"count":2,"href":"https:\/\/www.sienna-im.com\/fr\/wp-json\/wp\/v2\/posts\/11867\/revisions"}],"predecessor-version":[{"id":11869,"href":"https:\/\/www.sienna-im.com\/fr\/wp-json\/wp\/v2\/posts\/11867\/revisions\/11869"}],"wp:featuredmedia":[{"embeddable":true,"href":"https:\/\/www.sienna-im.com\/fr\/wp-json\/wp\/v2\/media\/11373"}],"wp:attachment":[{"href":"https:\/\/www.sienna-im.com\/fr\/wp-json\/wp\/v2\/media?parent=11867"}],"wp:term":[{"taxonomy":"category","embeddable":true,"href":"https:\/\/www.sienna-im.com\/fr\/wp-json\/wp\/v2\/categories?post=11867"}],"curies":[{"name":"wp","href":"https:\/\/api.w.org\/{rel}","templated":true}]}}