{"id":13627,"date":"2025-08-20T09:47:58","date_gmt":"2025-08-20T09:47:58","guid":{"rendered":"https:\/\/www.sienna-im.com\/?p=13627"},"modified":"2025-08-20T09:47:58","modified_gmt":"2025-08-20T09:47:58","slug":"lagefi-les-gerants-campent-sur-leurs-positions-pour-les-taux-americains","status":"publish","type":"post","link":"https:\/\/www.sienna-im.com\/fr\/news\/lagefi-les-gerants-campent-sur-leurs-positions-pour-les-taux-americains\/","title":{"rendered":"L&rsquo;Agefi : Les g\u00e9rants campent sur leurs positions pour les taux am\u00e9ricains"},"content":{"rendered":"<p>Les pan\u00e9listes de L\u2019Agefi n\u2019ont presque pas touch\u00e9 \u00e0 leurs pr\u00e9visions de taux pour les Etats-Unis, faisant fi des tarifs douaniers annonc\u00e9s en avril, comme si les revirements de l\u2019administration Trump devaient permettre de revenir \u00e0 la situation initiale.<\/p>\n<p>Pour plus d\u2019informations, consultez l\u2019article complet : <a href=\"https:\/\/www.agefi.fr\/news\/economie-marches\/les-gerants-campent-sur-leurs-positions-pour-les-taux-americains\"><strong><span style=\"color: #33cccc;\">Les g\u00e9rants campent sur leurs positions pour les taux am\u00e9ricains<\/span><\/strong><\/a><\/p>\n<h1 class=\"title title_2 Article-title \"><\/h1>\n","protected":false},"excerpt":{"rendered":"<p>Les pan\u00e9listes de L\u2019Agefi n\u2019ont presque pas touch\u00e9 \u00e0 leurs pr\u00e9visions de taux pour les Etats-Unis, faisant fi des tarifs [&hellip;]<\/p>\n","protected":false},"author":2,"featured_media":13634,"comment_status":"closed","ping_status":"closed","sticky":false,"template":"","format":"standard","meta":{"_acf_changed":false,"footnotes":""},"categories":[73],"class_list":["post-13627","post","type-post","status-publish","format-standard","has-post-thumbnail","hentry"],"acf":{"file":"","file_label":""},"_links":{"self":[{"href":"https:\/\/www.sienna-im.com\/fr\/wp-json\/wp\/v2\/posts\/13627","targetHints":{"allow":["GET"]}}],"collection":[{"href":"https:\/\/www.sienna-im.com\/fr\/wp-json\/wp\/v2\/posts"}],"about":[{"href":"https:\/\/www.sienna-im.com\/fr\/wp-json\/wp\/v2\/types\/post"}],"author":[{"embeddable":true,"href":"https:\/\/www.sienna-im.com\/fr\/wp-json\/wp\/v2\/users\/2"}],"replies":[{"embeddable":true,"href":"https:\/\/www.sienna-im.com\/fr\/wp-json\/wp\/v2\/comments?post=13627"}],"version-history":[{"count":6,"href":"https:\/\/www.sienna-im.com\/fr\/wp-json\/wp\/v2\/posts\/13627\/revisions"}],"predecessor-version":[{"id":13639,"href":"https:\/\/www.sienna-im.com\/fr\/wp-json\/wp\/v2\/posts\/13627\/revisions\/13639"}],"wp:featuredmedia":[{"embeddable":true,"href":"https:\/\/www.sienna-im.com\/fr\/wp-json\/wp\/v2\/media\/13634"}],"wp:attachment":[{"href":"https:\/\/www.sienna-im.com\/fr\/wp-json\/wp\/v2\/media?parent=13627"}],"wp:term":[{"taxonomy":"category","embeddable":true,"href":"https:\/\/www.sienna-im.com\/fr\/wp-json\/wp\/v2\/categories?post=13627"}],"curies":[{"name":"wp","href":"https:\/\/api.w.org\/{rel}","templated":true}]}}