{"id":13640,"date":"2025-08-20T10:19:34","date_gmt":"2025-08-20T10:19:34","guid":{"rendered":"https:\/\/www.sienna-im.com\/?p=13640"},"modified":"2025-08-20T10:19:34","modified_gmt":"2025-08-20T10:19:34","slug":"bfm-business-les-marches-ne-rechuteront-pas-forcement-09-05","status":"publish","type":"post","link":"https:\/\/www.sienna-im.com\/fr\/news\/bfm-business-les-marches-ne-rechuteront-pas-forcement-09-05\/","title":{"rendered":"BFM Business : Les march\u00e9s ne rechuteront pas forc\u00e9ment &#8211; 09\/05"},"content":{"rendered":"<p>Ce vendredi 9 mai, Fran\u00e7ois Dossou, directeur de la Gestion Actions chez SIENNA IM-LISTED ASSETS, s&rsquo;est pench\u00e9 sur la perspective d&rsquo;un chemin haussier sur les march\u00e9s, dans l&rsquo;\u00e9mission BFM Bourse pr\u00e9sent\u00e9e par Guillaume Sommerer.<\/p>\n<p>Pour plus d\u2019informations, consultez le passage complet de l&rsquo;\u00e9mission\u00a0 : <a href=\"https:\/\/www.bfmtv.com\/economie\/replay-emissions\/bfm-bourse\/les-marches-ne-rechuteront-pas-forcement-09-05_VN-202505090569.html\"><span style=\"color: #33cccc;\"><strong>Les march\u00e9s ne rechuteront pas forc\u00e9ment &#8211; 09\/05<\/strong><\/span><\/a><\/p>\n<p>&nbsp;<\/p>\n","protected":false},"excerpt":{"rendered":"<p>Ce vendredi 9 mai, Fran\u00e7ois Dossou, directeur de la Gestion Actions chez SIENNA IM-LISTED ASSETS, s&rsquo;est pench\u00e9 sur la perspective [&hellip;]<\/p>\n","protected":false},"author":2,"featured_media":13642,"comment_status":"closed","ping_status":"closed","sticky":false,"template":"","format":"standard","meta":{"_acf_changed":false,"footnotes":""},"categories":[73],"class_list":["post-13640","post","type-post","status-publish","format-standard","has-post-thumbnail","hentry"],"acf":{"file":"","file_label":""},"_links":{"self":[{"href":"https:\/\/www.sienna-im.com\/fr\/wp-json\/wp\/v2\/posts\/13640","targetHints":{"allow":["GET"]}}],"collection":[{"href":"https:\/\/www.sienna-im.com\/fr\/wp-json\/wp\/v2\/posts"}],"about":[{"href":"https:\/\/www.sienna-im.com\/fr\/wp-json\/wp\/v2\/types\/post"}],"author":[{"embeddable":true,"href":"https:\/\/www.sienna-im.com\/fr\/wp-json\/wp\/v2\/users\/2"}],"replies":[{"embeddable":true,"href":"https:\/\/www.sienna-im.com\/fr\/wp-json\/wp\/v2\/comments?post=13640"}],"version-history":[{"count":2,"href":"https:\/\/www.sienna-im.com\/fr\/wp-json\/wp\/v2\/posts\/13640\/revisions"}],"predecessor-version":[{"id":13645,"href":"https:\/\/www.sienna-im.com\/fr\/wp-json\/wp\/v2\/posts\/13640\/revisions\/13645"}],"wp:featuredmedia":[{"embeddable":true,"href":"https:\/\/www.sienna-im.com\/fr\/wp-json\/wp\/v2\/media\/13642"}],"wp:attachment":[{"href":"https:\/\/www.sienna-im.com\/fr\/wp-json\/wp\/v2\/media?parent=13640"}],"wp:term":[{"taxonomy":"category","embeddable":true,"href":"https:\/\/www.sienna-im.com\/fr\/wp-json\/wp\/v2\/categories?post=13640"}],"curies":[{"name":"wp","href":"https:\/\/api.w.org\/{rel}","templated":true}]}}