{"id":13945,"date":"2025-06-05T18:37:01","date_gmt":"2025-06-05T18:37:01","guid":{"rendered":"https:\/\/www.sienna-im.com\/?p=13945"},"modified":"2025-08-25T16:06:39","modified_gmt":"2025-08-25T16:06:39","slug":"challenges-la-bourse-de-paris-finit-en-legere-baisse","status":"publish","type":"post","link":"https:\/\/www.sienna-im.com\/fr\/news\/challenges-la-bourse-de-paris-finit-en-legere-baisse\/","title":{"rendered":"Challenges : La Bourse de Paris finit en l\u00e9g\u00e8re baisse"},"content":{"rendered":"<p>La Bourse de Paris a termin\u00e9 en l\u00e9g\u00e8re baisse apr\u00e8s que Christine Lagarde a annonc\u00e9 la fin probable du cycle de baisse des taux de la BCE, malgr\u00e9 une nouvelle r\u00e9duction de 0,25 point. Cette perspective de pause a entra\u00een\u00e9 une hausse des rendements obligataires, tandis que les march\u00e9s restaient attentifs aux discussions entre les \u00c9tats-Unis et la Chine sur leurs tensions commerciales. C\u00f4t\u00e9 valeurs, Pernod Ricard a chut\u00e9 de plus de 5 %, p\u00e9nalis\u00e9 par le contexte g\u00e9opolitique et les mauvais r\u00e9sultats de son concurrent Brown-Forman.<\/p>\n<p>Pour plus d\u2019informations, consultez l\u2019article complet :<a href=\"https:\/\/www.challenges.fr\/economie\/la-bourse-de-paris-finit-en-legere-baisse_605596\"><strong><span style=\"color: #33cccc;\"> La Bourse de Paris finit en l\u00e9g\u00e8re baisse<\/span><\/strong><\/a><\/p>\n<p>&nbsp;<\/p>\n","protected":false},"excerpt":{"rendered":"<p>La Bourse de Paris a termin\u00e9 en l\u00e9g\u00e8re baisse apr\u00e8s que Christine Lagarde a annonc\u00e9 la fin probable du cycle [&hellip;]<\/p>\n","protected":false},"author":2,"featured_media":13950,"comment_status":"closed","ping_status":"closed","sticky":false,"template":"","format":"standard","meta":{"_acf_changed":false,"footnotes":""},"categories":[73],"class_list":["post-13945","post","type-post","status-publish","format-standard","has-post-thumbnail","hentry"],"acf":{"file":"","file_label":"Download PDF"},"_links":{"self":[{"href":"https:\/\/www.sienna-im.com\/fr\/wp-json\/wp\/v2\/posts\/13945","targetHints":{"allow":["GET"]}}],"collection":[{"href":"https:\/\/www.sienna-im.com\/fr\/wp-json\/wp\/v2\/posts"}],"about":[{"href":"https:\/\/www.sienna-im.com\/fr\/wp-json\/wp\/v2\/types\/post"}],"author":[{"embeddable":true,"href":"https:\/\/www.sienna-im.com\/fr\/wp-json\/wp\/v2\/users\/2"}],"replies":[{"embeddable":true,"href":"https:\/\/www.sienna-im.com\/fr\/wp-json\/wp\/v2\/comments?post=13945"}],"version-history":[{"count":3,"href":"https:\/\/www.sienna-im.com\/fr\/wp-json\/wp\/v2\/posts\/13945\/revisions"}],"predecessor-version":[{"id":13953,"href":"https:\/\/www.sienna-im.com\/fr\/wp-json\/wp\/v2\/posts\/13945\/revisions\/13953"}],"wp:featuredmedia":[{"embeddable":true,"href":"https:\/\/www.sienna-im.com\/fr\/wp-json\/wp\/v2\/media\/13950"}],"wp:attachment":[{"href":"https:\/\/www.sienna-im.com\/fr\/wp-json\/wp\/v2\/media?parent=13945"}],"wp:term":[{"taxonomy":"category","embeddable":true,"href":"https:\/\/www.sienna-im.com\/fr\/wp-json\/wp\/v2\/categories?post=13945"}],"curies":[{"name":"wp","href":"https:\/\/api.w.org\/{rel}","templated":true}]}}