{"id":15315,"date":"2025-11-14T10:02:58","date_gmt":"2025-11-14T10:02:58","guid":{"rendered":"https:\/\/www.sienna-im.com\/?p=15315"},"modified":"2025-11-18T08:43:00","modified_gmt":"2025-11-18T08:43:00","slug":"fonds-defense-le-marche-souvre-au-grand-public","status":"publish","type":"post","link":"https:\/\/www.sienna-im.com\/fr\/news\/fonds-defense-le-marche-souvre-au-grand-public\/","title":{"rendered":"Revue Banque &#8211; Fonds D\u00e9fense : le march\u00e9 s\u2019ouvre au grand public"},"content":{"rendered":"<article class=\"text-token-text-primary w-full focus:outline-none [--shadow-height:45px] has-data-writing-block:pointer-events-none has-data-writing-block:-mt-(--shadow-height) has-data-writing-block:pt-(--shadow-height) [&amp;:has([data-writing-block])&gt;*]:pointer-events-auto [content-visibility:auto] supports-[content-visibility:auto]:[contain-intrinsic-size:auto_100lvh] scroll-mt-[calc(var(--header-height)+min(200px,max(70px,20svh)))]\" dir=\"auto\" tabindex=\"-1\" data-turn-id=\"request-6916edaa-26ec-832f-89fd-8c49c232790a-0\" data-testid=\"conversation-turn-8\" data-scroll-anchor=\"true\" data-turn=\"assistant\">\n<div class=\"text-base my-auto mx-auto pb-10 [--thread-content-margin:--spacing(4)] thread-sm:[--thread-content-margin:--spacing(6)] thread-lg:[--thread-content-margin:--spacing(16)] px-(--thread-content-margin)\">\n<div class=\"[--thread-content-max-width:40rem] thread-lg:[--thread-content-max-width:48rem] mx-auto max-w-(--thread-content-max-width) flex-1 group\/turn-messages focus-visible:outline-hidden relative flex w-full min-w-0 flex-col agent-turn\" tabindex=\"-1\">\n<div class=\"flex max-w-full flex-col grow\">\n<div class=\"min-h-8 text-message relative flex w-full flex-col items-end gap-2 text-start break-words whitespace-normal [.text-message+&amp;]:mt-1\" dir=\"auto\" data-message-author-role=\"assistant\" data-message-id=\"281f3b35-d9e8-42c0-bd8c-c550b7e971ae\" data-message-model-slug=\"gpt-5-1-instant\">\n<div class=\"flex w-full flex-col gap-1 empty:hidden first:pt-[1px]\">\n<div class=\"markdown prose dark:prose-invert w-full break-words light markdown-new-styling\">\n<p data-start=\"69\" data-end=\"550\" data-is-last-node=\"\" data-is-only-node=\"\">L\u2019acc\u00e8s des particuliers aux fonds d\u00e9di\u00e9s \u00e0 la d\u00e9fense s\u2019acc\u00e9l\u00e8re, port\u00e9 par le contexte g\u00e9opolitique et les initiatives publiques r\u00e9centes. Tikehau Capital, Sienna Investment Managers et Bpifrance lancent chacun des fonds ELTIF 2.0 destin\u00e9s \u00e0 financer PME, ETI et acteurs strat\u00e9giques de la d\u00e9fense europ\u00e9enne.<\/p>\n<\/div>\n<\/div>\n<\/div>\n<\/div>\n<div><span style=\"color: #ffffff;\">.<\/span><\/div>\n<div class=\"z-0 flex min-h-[46px] justify-start\"><a href=\"https:\/\/fetch-pdf.platform.onclusive.org\/?article_id=onclusive-fr-1214152029&amp;application_id=content_delivery&amp;locale=fr_fr&amp;hash=e79dd2960277eb675fb004fa44043c5185532a0279fe1139be75e029a0f4a3f1&amp;pdf_type=full&amp;pdf_headers=false&amp;full_page_link=false&amp;media_type=print\">D\u00e9couvrez l&rsquo;article complet ici\u00a0<\/a><\/div>\n<div class=\"mt-3 w-full empty:hidden\">\n<div class=\"text-center\"><\/div>\n<\/div>\n<\/div>\n<\/div>\n<\/article>\n<div class=\"pointer-events-none h-px w-px\" aria-hidden=\"true\" data-edge=\"true\"><\/div>\n","protected":false},"excerpt":{"rendered":"<p>L\u2019acc\u00e8s des particuliers aux fonds d\u00e9di\u00e9s \u00e0 la d\u00e9fense s\u2019acc\u00e9l\u00e8re, port\u00e9 par le contexte g\u00e9opolitique et les initiatives publiques r\u00e9centes. [&hellip;]<\/p>\n","protected":false},"author":2,"featured_media":15311,"comment_status":"closed","ping_status":"closed","sticky":false,"template":"","format":"standard","meta":{"_acf_changed":false,"footnotes":""},"categories":[125,73],"class_list":["post-15315","post","type-post","status-publish","format-standard","has-post-thumbnail","hentry"],"acf":{"file":"","file_label":"Download PDF"},"_links":{"self":[{"href":"https:\/\/www.sienna-im.com\/fr\/wp-json\/wp\/v2\/posts\/15315","targetHints":{"allow":["GET"]}}],"collection":[{"href":"https:\/\/www.sienna-im.com\/fr\/wp-json\/wp\/v2\/posts"}],"about":[{"href":"https:\/\/www.sienna-im.com\/fr\/wp-json\/wp\/v2\/types\/post"}],"author":[{"embeddable":true,"href":"https:\/\/www.sienna-im.com\/fr\/wp-json\/wp\/v2\/users\/2"}],"replies":[{"embeddable":true,"href":"https:\/\/www.sienna-im.com\/fr\/wp-json\/wp\/v2\/comments?post=15315"}],"version-history":[{"count":6,"href":"https:\/\/www.sienna-im.com\/fr\/wp-json\/wp\/v2\/posts\/15315\/revisions"}],"predecessor-version":[{"id":15375,"href":"https:\/\/www.sienna-im.com\/fr\/wp-json\/wp\/v2\/posts\/15315\/revisions\/15375"}],"wp:featuredmedia":[{"embeddable":true,"href":"https:\/\/www.sienna-im.com\/fr\/wp-json\/wp\/v2\/media\/15311"}],"wp:attachment":[{"href":"https:\/\/www.sienna-im.com\/fr\/wp-json\/wp\/v2\/media?parent=15315"}],"wp:term":[{"taxonomy":"category","embeddable":true,"href":"https:\/\/www.sienna-im.com\/fr\/wp-json\/wp\/v2\/categories?post=15315"}],"curies":[{"name":"wp","href":"https:\/\/api.w.org\/{rel}","templated":true}]}}