{"id":15654,"date":"2025-11-29T14:43:41","date_gmt":"2025-11-29T14:43:41","guid":{"rendered":"https:\/\/www.sienna-im.com\/?p=15654"},"modified":"2025-12-04T15:26:30","modified_gmt":"2025-12-04T15:26:30","slug":"green-finance-les-fonds-thematiques-atteignent-un-nouveau-sommet-decryptage-du-rapport-morningstar-2025","status":"publish","type":"post","link":"https:\/\/www.sienna-im.com\/fr\/news\/green-finance-les-fonds-thematiques-atteignent-un-nouveau-sommet-decryptage-du-rapport-morningstar-2025\/","title":{"rendered":"Green-Finance &#8211; Les fonds th\u00e9matiques atteignent un nouveau sommet : d\u00e9cryptage du rapport Morningstar 2025"},"content":{"rendered":"<p>Selon la derni\u00e8re \u00e9dition du\u00a0<strong>Global Thematic Fund Landscape<\/strong>\u00a0publi\u00e9e par Morningstar, les fonds th\u00e9matiques connaissent un regain d\u2019int\u00e9r\u00eat mondial. Au troisi\u00e8me trimestre 2025, leurs\u00a0<strong>actifs sous gestion (AUM)<\/strong>\u00a0ont atteint\u00a0<strong>779 milliards de dollars<\/strong>, soit leur plus haut niveau depuis trois ans, malgr\u00e9 un recul encore marqu\u00e9 par rapport au pic de 2021 (-15 %).<\/p>\n<p>Lire l&rsquo;article complet <a href=\"https:\/\/green-finance.fr\/les-fonds-thematiques-atteignent-un-nouveau-sommet-decryptage-du-rapport-morningstar-2025\/\">ici<\/a><\/p>\n","protected":false},"excerpt":{"rendered":"<p>Selon la derni\u00e8re \u00e9dition du\u00a0Global Thematic Fund Landscape\u00a0publi\u00e9e par Morningstar, les fonds th\u00e9matiques connaissent un regain d\u2019int\u00e9r\u00eat mondial. Au troisi\u00e8me [&hellip;]<\/p>\n","protected":false},"author":11,"featured_media":15679,"comment_status":"closed","ping_status":"closed","sticky":false,"template":"","format":"standard","meta":{"_acf_changed":false,"footnotes":""},"categories":[125,145,73],"class_list":["post-15654","post","type-post","status-publish","format-standard","has-post-thumbnail","hentry"],"acf":{"file":"","file_label":"Download PDF"},"_links":{"self":[{"href":"https:\/\/www.sienna-im.com\/fr\/wp-json\/wp\/v2\/posts\/15654","targetHints":{"allow":["GET"]}}],"collection":[{"href":"https:\/\/www.sienna-im.com\/fr\/wp-json\/wp\/v2\/posts"}],"about":[{"href":"https:\/\/www.sienna-im.com\/fr\/wp-json\/wp\/v2\/types\/post"}],"author":[{"embeddable":true,"href":"https:\/\/www.sienna-im.com\/fr\/wp-json\/wp\/v2\/users\/11"}],"replies":[{"embeddable":true,"href":"https:\/\/www.sienna-im.com\/fr\/wp-json\/wp\/v2\/comments?post=15654"}],"version-history":[{"count":2,"href":"https:\/\/www.sienna-im.com\/fr\/wp-json\/wp\/v2\/posts\/15654\/revisions"}],"predecessor-version":[{"id":15682,"href":"https:\/\/www.sienna-im.com\/fr\/wp-json\/wp\/v2\/posts\/15654\/revisions\/15682"}],"wp:featuredmedia":[{"embeddable":true,"href":"https:\/\/www.sienna-im.com\/fr\/wp-json\/wp\/v2\/media\/15679"}],"wp:attachment":[{"href":"https:\/\/www.sienna-im.com\/fr\/wp-json\/wp\/v2\/media?parent=15654"}],"wp:term":[{"taxonomy":"category","embeddable":true,"href":"https:\/\/www.sienna-im.com\/fr\/wp-json\/wp\/v2\/categories?post=15654"}],"curies":[{"name":"wp","href":"https:\/\/api.w.org\/{rel}","templated":true}]}}