{"id":15826,"date":"2025-12-15T13:37:25","date_gmt":"2025-12-15T13:37:25","guid":{"rendered":"https:\/\/www.sienna-im.com\/?p=15826"},"modified":"2025-12-16T13:43:53","modified_gmt":"2025-12-16T13:43:53","slug":"le-telegramme-defense-pme-et-fonds-dinvestissement-se-lancent-dans-la-bataille-en-europe","status":"publish","type":"post","link":"https:\/\/www.sienna-im.com\/fr\/news\/le-telegramme-defense-pme-et-fonds-dinvestissement-se-lancent-dans-la-bataille-en-europe\/","title":{"rendered":"Le T\u00e9l\u00e9gramme &#8211; D\u00e9fense : PME et fonds d&rsquo;investissement se lancent dans la bataille en Europe"},"content":{"rendered":"<p>Confront\u00e9e \u00e0 de nouvelles menaces, l\u2019Europe de la d\u00e9fense se met en ordre de marche, un mouvement qui enr\u00f4le aussi les entreprises du secteur de taille moyenne et les investisseurs, signe d\u2019un changement de cadence.<\/p>\n<p>Lire l&rsquo;article complet <a href=\"https:\/\/www.letelegramme.fr\/economie\/defense-pme-et-fonds-dinvestissement-se-lancent-dans-la-bataille-en-europe-6947942.php#adday\">ici<\/a><\/p>\n","protected":false},"excerpt":{"rendered":"<p>Confront\u00e9e \u00e0 de nouvelles menaces, l\u2019Europe de la d\u00e9fense se met en ordre de marche, un mouvement qui enr\u00f4le aussi [&hellip;]<\/p>\n","protected":false},"author":11,"featured_media":15827,"comment_status":"closed","ping_status":"closed","sticky":false,"template":"","format":"standard","meta":{"_acf_changed":false,"footnotes":""},"categories":[125,73],"class_list":["post-15826","post","type-post","status-publish","format-standard","has-post-thumbnail","hentry"],"acf":{"file":"","file_label":"Download PDF"},"_links":{"self":[{"href":"https:\/\/www.sienna-im.com\/fr\/wp-json\/wp\/v2\/posts\/15826","targetHints":{"allow":["GET"]}}],"collection":[{"href":"https:\/\/www.sienna-im.com\/fr\/wp-json\/wp\/v2\/posts"}],"about":[{"href":"https:\/\/www.sienna-im.com\/fr\/wp-json\/wp\/v2\/types\/post"}],"author":[{"embeddable":true,"href":"https:\/\/www.sienna-im.com\/fr\/wp-json\/wp\/v2\/users\/11"}],"replies":[{"embeddable":true,"href":"https:\/\/www.sienna-im.com\/fr\/wp-json\/wp\/v2\/comments?post=15826"}],"version-history":[{"count":2,"href":"https:\/\/www.sienna-im.com\/fr\/wp-json\/wp\/v2\/posts\/15826\/revisions"}],"predecessor-version":[{"id":15831,"href":"https:\/\/www.sienna-im.com\/fr\/wp-json\/wp\/v2\/posts\/15826\/revisions\/15831"}],"wp:featuredmedia":[{"embeddable":true,"href":"https:\/\/www.sienna-im.com\/fr\/wp-json\/wp\/v2\/media\/15827"}],"wp:attachment":[{"href":"https:\/\/www.sienna-im.com\/fr\/wp-json\/wp\/v2\/media?parent=15826"}],"wp:term":[{"taxonomy":"category","embeddable":true,"href":"https:\/\/www.sienna-im.com\/fr\/wp-json\/wp\/v2\/categories?post=15826"}],"curies":[{"name":"wp","href":"https:\/\/api.w.org\/{rel}","templated":true}]}}