{"id":15937,"date":"2025-12-23T16:14:15","date_gmt":"2025-12-23T16:14:15","guid":{"rendered":"https:\/\/www.sienna-im.com\/?p=15937"},"modified":"2026-04-21T08:36:27","modified_gmt":"2026-04-21T08:36:27","slug":"les-echos-investir-cap-sur-les-valeurs-moyennes-mondiales-letf-que-nous-conseillons-dacheter","status":"publish","type":"post","link":"https:\/\/www.sienna-im.com\/fr\/news\/les-echos-investir-cap-sur-les-valeurs-moyennes-mondiales-letf-que-nous-conseillons-dacheter\/","title":{"rendered":"Les Echos investir &#8211; Cap sur les valeurs moyennes mondiales, l&rsquo;ETF que nous conseillons d&rsquo;acheter"},"content":{"rendered":"<p>\u00ab<em>\u00a0Les actions de moyenne capitalisation des march\u00e9s \u00e9mergents et d&rsquo;Europe devraient surperformer\u00a0\u00bb,<\/em>\u00a0anticipe Pictet AM dans ses pr\u00e9visions pour\u00a02026. De m\u00eame, Sienna IM maintient sa surpond\u00e9ration sur les valeurs moyennes allemandes et son exposition aux petites et moyennes capitalisations europ\u00e9ennes. Enfin, les fonds de valeurs moyennes am\u00e9ricaines ont nettement sous-perform\u00e9 \u00e0 la fois sur 5\u00a0ans (+36,6% contre +73,3% pour les fonds d&rsquo;actions am\u00e9ricaines), sur 3\u00a0ans (+25,5% contre +50,1%) et cette ann\u00e9e (-3,4% contre +1,9%). Le retard accumul\u00e9 est donc consid\u00e9rable.<\/p>\n<p>En apprendre plus <a href=\"https:\/\/investir.lesechos.fr\/conseils-boursiers\/conseils-etf\/cap-sur-les-valeurs-moyennes-mondiales-letf-que-nous-conseillons-dacheter-2206424\">ici<\/a><\/p>\n","protected":false},"excerpt":{"rendered":"<p>\u00ab\u00a0Les actions de moyenne capitalisation des march\u00e9s \u00e9mergents et d&rsquo;Europe devraient surperformer\u00a0\u00bb,\u00a0anticipe Pictet AM dans ses pr\u00e9visions pour\u00a02026. De m\u00eame, [&hellip;]<\/p>\n","protected":false},"author":12,"featured_media":0,"comment_status":"closed","ping_status":"closed","sticky":false,"template":"","format":"standard","meta":{"_acf_changed":false,"footnotes":""},"categories":[73],"class_list":["post-15937","post","type-post","status-publish","format-standard","hentry"],"acf":{"file":"","file_label":"Download PDF"},"_links":{"self":[{"href":"https:\/\/www.sienna-im.com\/fr\/wp-json\/wp\/v2\/posts\/15937","targetHints":{"allow":["GET"]}}],"collection":[{"href":"https:\/\/www.sienna-im.com\/fr\/wp-json\/wp\/v2\/posts"}],"about":[{"href":"https:\/\/www.sienna-im.com\/fr\/wp-json\/wp\/v2\/types\/post"}],"author":[{"embeddable":true,"href":"https:\/\/www.sienna-im.com\/fr\/wp-json\/wp\/v2\/users\/12"}],"replies":[{"embeddable":true,"href":"https:\/\/www.sienna-im.com\/fr\/wp-json\/wp\/v2\/comments?post=15937"}],"version-history":[{"count":1,"href":"https:\/\/www.sienna-im.com\/fr\/wp-json\/wp\/v2\/posts\/15937\/revisions"}],"predecessor-version":[{"id":15941,"href":"https:\/\/www.sienna-im.com\/fr\/wp-json\/wp\/v2\/posts\/15937\/revisions\/15941"}],"wp:attachment":[{"href":"https:\/\/www.sienna-im.com\/fr\/wp-json\/wp\/v2\/media?parent=15937"}],"wp:term":[{"taxonomy":"category","embeddable":true,"href":"https:\/\/www.sienna-im.com\/fr\/wp-json\/wp\/v2\/categories?post=15937"}],"curies":[{"name":"wp","href":"https:\/\/api.w.org\/{rel}","templated":true}]}}