{"id":15999,"date":"2026-01-04T15:47:37","date_gmt":"2026-01-04T15:47:37","guid":{"rendered":"https:\/\/www.sienna-im.com\/?p=15999"},"modified":"2026-01-06T15:50:07","modified_gmt":"2026-01-06T15:50:07","slug":"lagefi-wall-street-devrait-reprendre-lavantage-sur-leurope-en-2026","status":"publish","type":"post","link":"https:\/\/www.sienna-im.com\/fr\/news\/lagefi-wall-street-devrait-reprendre-lavantage-sur-leurope-en-2026\/","title":{"rendered":"L&rsquo;agefi &#8211; Wall Street devrait reprendre l\u2019avantage sur l\u2019Europe en 2026"},"content":{"rendered":"<p>Le Panel Actions est prudemment optimiste, apr\u00e8s la bonne ann\u00e9e 2025 pour les places boursi\u00e8res. Il anticipe des progressions de 6,8% pour l\u2019indice S&amp;P 500 \u00e0 4,1% pour le Nikkei. Le CAC 40 devrait progresser de 4,9%.<\/p>\n<p>Fin 2024, apr\u00e8s une ann\u00e9e de forte progression des indices boursiers, le Panel Actions de L\u2019Agefi s\u2019\u00e9tait montr\u00e9 prudemment optimiste, anticipant une nouvelle appr\u00e9ciation des places boursi\u00e8res mais de fa\u00e7on mod\u00e9r\u00e9e.<\/p>\n<p>Lire l&rsquo;article complet <a href=\"https:\/\/www.agefi.fr\/news\/economie-marches\/wall-street-devrait-reprendre-lavantage-sur-leurope-en-2026\">ici<\/a><\/p>\n","protected":false},"excerpt":{"rendered":"<p>Le Panel Actions est prudemment optimiste, apr\u00e8s la bonne ann\u00e9e 2025 pour les places boursi\u00e8res. Il anticipe des progressions de [&hellip;]<\/p>\n","protected":false},"author":11,"featured_media":16000,"comment_status":"closed","ping_status":"closed","sticky":false,"template":"","format":"standard","meta":{"_acf_changed":false,"footnotes":""},"categories":[73],"class_list":["post-15999","post","type-post","status-publish","format-standard","has-post-thumbnail","hentry"],"acf":{"file":"","file_label":"Download PDF"},"_links":{"self":[{"href":"https:\/\/www.sienna-im.com\/fr\/wp-json\/wp\/v2\/posts\/15999","targetHints":{"allow":["GET"]}}],"collection":[{"href":"https:\/\/www.sienna-im.com\/fr\/wp-json\/wp\/v2\/posts"}],"about":[{"href":"https:\/\/www.sienna-im.com\/fr\/wp-json\/wp\/v2\/types\/post"}],"author":[{"embeddable":true,"href":"https:\/\/www.sienna-im.com\/fr\/wp-json\/wp\/v2\/users\/11"}],"replies":[{"embeddable":true,"href":"https:\/\/www.sienna-im.com\/fr\/wp-json\/wp\/v2\/comments?post=15999"}],"version-history":[{"count":1,"href":"https:\/\/www.sienna-im.com\/fr\/wp-json\/wp\/v2\/posts\/15999\/revisions"}],"predecessor-version":[{"id":16003,"href":"https:\/\/www.sienna-im.com\/fr\/wp-json\/wp\/v2\/posts\/15999\/revisions\/16003"}],"wp:featuredmedia":[{"embeddable":true,"href":"https:\/\/www.sienna-im.com\/fr\/wp-json\/wp\/v2\/media\/16000"}],"wp:attachment":[{"href":"https:\/\/www.sienna-im.com\/fr\/wp-json\/wp\/v2\/media?parent=15999"}],"wp:term":[{"taxonomy":"category","embeddable":true,"href":"https:\/\/www.sienna-im.com\/fr\/wp-json\/wp\/v2\/categories?post=15999"}],"curies":[{"name":"wp","href":"https:\/\/api.w.org\/{rel}","templated":true}]}}