{"id":16118,"date":"2026-01-20T09:37:06","date_gmt":"2026-01-20T09:37:06","guid":{"rendered":"https:\/\/www.sienna-im.com\/?p=16118"},"modified":"2026-01-20T09:38:40","modified_gmt":"2026-01-20T09:38:40","slug":"presse-agence-lyon-mobilite-drive-innov-leve-1-million-deuros-pour-faire-du-permis-un-levier-dinclusion","status":"publish","type":"post","link":"https:\/\/www.sienna-im.com\/fr\/news\/presse-agence-lyon-mobilite-drive-innov-leve-1-million-deuros-pour-faire-du-permis-un-levier-dinclusion\/","title":{"rendered":"Presse Agence &#8211; LYON : Mobilit\u00e9 &#8211; Drive Innov l\u00e8ve 1 million d\u2019euros pour faire du permis un levier d\u2019inclusion"},"content":{"rendered":"<p>Drive Innov annonce une lev\u00e9e de fonds d\u20191 million d\u2019euros aupr\u00e8s de\u00a0<span class=\"hover:entity-accent entity-underline inline cursor-pointer align-baseline\"><span class=\"whitespace-normal\">Sienna Investment Managers<\/span><\/span> et <span class=\"hover:entity-accent entity-underline inline cursor-pointer align-baseline\"><span class=\"whitespace-normal\">Macif Impact ESS<\/span><\/span> pour acc\u00e9l\u00e9rer le d\u00e9ploiement de sa formation \u00e0 la conduite inclusive et durable. Gr\u00e2ce \u00e0 une approche p\u00e9dagogique innovante, l\u2019entreprise entend lutter contre la pr\u00e9carit\u00e9 mobilit\u00e9 qui touche pr\u00e8s de 15 millions de Fran\u00e7ais.<\/p>\n<p>D\u00e9couvrir l&rsquo;article complet <a href=\"https:\/\/presseagence.fr\/lyon-mobilite-drive-innov-leve-1-million-deuros-pour-faire-du-permis-un-levier-dinclusion\/#adday\">ici<\/a><\/p>\n","protected":false},"excerpt":{"rendered":"<p>Drive Innov annonce une lev\u00e9e de fonds d\u20191 million d\u2019euros aupr\u00e8s de\u00a0Sienna Investment Managers et Macif Impact ESS pour acc\u00e9l\u00e9rer [&hellip;]<\/p>\n","protected":false},"author":12,"featured_media":16119,"comment_status":"closed","ping_status":"closed","sticky":false,"template":"","format":"standard","meta":{"_acf_changed":false,"footnotes":""},"categories":[73],"class_list":["post-16118","post","type-post","status-publish","format-standard","has-post-thumbnail","hentry"],"acf":{"file":"","file_label":"Download PDF"},"_links":{"self":[{"href":"https:\/\/www.sienna-im.com\/fr\/wp-json\/wp\/v2\/posts\/16118","targetHints":{"allow":["GET"]}}],"collection":[{"href":"https:\/\/www.sienna-im.com\/fr\/wp-json\/wp\/v2\/posts"}],"about":[{"href":"https:\/\/www.sienna-im.com\/fr\/wp-json\/wp\/v2\/types\/post"}],"author":[{"embeddable":true,"href":"https:\/\/www.sienna-im.com\/fr\/wp-json\/wp\/v2\/users\/12"}],"replies":[{"embeddable":true,"href":"https:\/\/www.sienna-im.com\/fr\/wp-json\/wp\/v2\/comments?post=16118"}],"version-history":[{"count":2,"href":"https:\/\/www.sienna-im.com\/fr\/wp-json\/wp\/v2\/posts\/16118\/revisions"}],"predecessor-version":[{"id":16123,"href":"https:\/\/www.sienna-im.com\/fr\/wp-json\/wp\/v2\/posts\/16118\/revisions\/16123"}],"wp:featuredmedia":[{"embeddable":true,"href":"https:\/\/www.sienna-im.com\/fr\/wp-json\/wp\/v2\/media\/16119"}],"wp:attachment":[{"href":"https:\/\/www.sienna-im.com\/fr\/wp-json\/wp\/v2\/media?parent=16118"}],"wp:term":[{"taxonomy":"category","embeddable":true,"href":"https:\/\/www.sienna-im.com\/fr\/wp-json\/wp\/v2\/categories?post=16118"}],"curies":[{"name":"wp","href":"https:\/\/api.w.org\/{rel}","templated":true}]}}