{"id":16557,"date":"2026-03-09T14:57:43","date_gmt":"2026-03-09T14:57:43","guid":{"rendered":"https:\/\/www.sienna-im.com\/?p=16557"},"modified":"2026-03-09T14:57:43","modified_gmt":"2026-03-09T14:57:43","slug":"la-une-les-fonds-tricolores-se-mobilisent","status":"publish","type":"post","link":"https:\/\/www.sienna-im.com\/fr\/news\/la-une-les-fonds-tricolores-se-mobilisent\/","title":{"rendered":"La Une &#8211; les fonds tricolores se mobilisent"},"content":{"rendered":"<p>Face \u00e0 la mont\u00e9e des besoins de financement dans l\u2019industrie de d\u00e9fense, de plus en plus de soci\u00e9t\u00e9s de gestion fran\u00e7aises mobilisent des fonds propres pour soutenir les PME et les ETI du secteur. Cette dynamique d\u2019investissement, port\u00e9e par des acteurs priv\u00e9s et publics, vise \u00e0 renforcer la base industrielle et technologique de d\u00e9fense dans un contexte g\u00e9opolitique tendu.<\/p>\n<p>Lire l&rsquo;article dans son int\u00e9gralit\u00e9 <a href=\"https:\/\/fetch-pdf.platform.onclusive.org\/?article_id=onclusive-fr-1244960518&amp;application_id=content_delivery&amp;locale=fr_fr&amp;hash=a726aa63683364ade02561db9ecaf9179c62dcf455371251ee9e83e59d5e4901&amp;pdf_type=full&amp;pdf_headers=false&amp;full_page_link=false&amp;media_type=print\">ici<\/a><\/p>\n","protected":false},"excerpt":{"rendered":"<p>Face \u00e0 la mont\u00e9e des besoins de financement dans l\u2019industrie de d\u00e9fense, de plus en plus de soci\u00e9t\u00e9s de gestion [&hellip;]<\/p>\n","protected":false},"author":12,"featured_media":16558,"comment_status":"closed","ping_status":"closed","sticky":false,"template":"","format":"standard","meta":{"_acf_changed":false,"footnotes":""},"categories":[125,73],"class_list":["post-16557","post","type-post","status-publish","format-standard","has-post-thumbnail","hentry"],"acf":{"file":"","file_label":"Download PDF"},"_links":{"self":[{"href":"https:\/\/www.sienna-im.com\/fr\/wp-json\/wp\/v2\/posts\/16557","targetHints":{"allow":["GET"]}}],"collection":[{"href":"https:\/\/www.sienna-im.com\/fr\/wp-json\/wp\/v2\/posts"}],"about":[{"href":"https:\/\/www.sienna-im.com\/fr\/wp-json\/wp\/v2\/types\/post"}],"author":[{"embeddable":true,"href":"https:\/\/www.sienna-im.com\/fr\/wp-json\/wp\/v2\/users\/12"}],"replies":[{"embeddable":true,"href":"https:\/\/www.sienna-im.com\/fr\/wp-json\/wp\/v2\/comments?post=16557"}],"version-history":[{"count":1,"href":"https:\/\/www.sienna-im.com\/fr\/wp-json\/wp\/v2\/posts\/16557\/revisions"}],"predecessor-version":[{"id":16561,"href":"https:\/\/www.sienna-im.com\/fr\/wp-json\/wp\/v2\/posts\/16557\/revisions\/16561"}],"wp:featuredmedia":[{"embeddable":true,"href":"https:\/\/www.sienna-im.com\/fr\/wp-json\/wp\/v2\/media\/16558"}],"wp:attachment":[{"href":"https:\/\/www.sienna-im.com\/fr\/wp-json\/wp\/v2\/media?parent=16557"}],"wp:term":[{"taxonomy":"category","embeddable":true,"href":"https:\/\/www.sienna-im.com\/fr\/wp-json\/wp\/v2\/categories?post=16557"}],"curies":[{"name":"wp","href":"https:\/\/api.w.org\/{rel}","templated":true}]}}