{"id":16572,"date":"2026-03-02T10:20:00","date_gmt":"2026-03-02T10:20:00","guid":{"rendered":"https:\/\/www.sienna-im.com\/?p=16572"},"modified":"2026-03-12T10:21:36","modified_gmt":"2026-03-12T10:21:36","slug":"lagefi-quotidien-les-gestions-credit-se-montrent-prudentes-face-a-la-cherte-du-marche","status":"publish","type":"post","link":"https:\/\/www.sienna-im.com\/fr\/news\/lagefi-quotidien-les-gestions-credit-se-montrent-prudentes-face-a-la-cherte-du-marche\/","title":{"rendered":"L&rsquo;Agefi Quotidien &#8211; Les gestions cr\u00e9dit se montrent prudentes face \u00e0 la chert\u00e9 du march\u00e9"},"content":{"rendered":"<p data-start=\"90\" data-end=\"383\">Face \u00e0 des valorisations \u00e9lev\u00e9es sur le march\u00e9 du cr\u00e9dit, les soci\u00e9t\u00e9s de gestion adoptent une position plus prudente sur l\u2019\u00e9volution des spreads. Malgr\u00e9 un environnement macro incertain, les fondamentaux restent solides, m\u00eame si les marges de resserrement apparaissent d\u00e9sormais limit\u00e9es.<\/p>\n<p data-start=\"385\" data-end=\"408\" data-is-last-node=\"\" data-is-only-node=\"\">En savoir plus <a href=\"https:\/\/fetch-pdf.platform.onclusive.org\/?article_id=onclusive-fr-1243180786&amp;application_id=content_delivery&amp;locale=fr_fr&amp;hash=91432cf79daf97bc465eadfda0e4ac392e97e2316b0935116b35408cc3af8e95&amp;pdf_type=full&amp;pdf_headers=false&amp;full_page_link=false&amp;media_type=print\">ici<\/a><\/p>\n","protected":false},"excerpt":{"rendered":"<p>Face \u00e0 des valorisations \u00e9lev\u00e9es sur le march\u00e9 du cr\u00e9dit, les soci\u00e9t\u00e9s de gestion adoptent une position plus prudente sur [&hellip;]<\/p>\n","protected":false},"author":12,"featured_media":16571,"comment_status":"closed","ping_status":"closed","sticky":false,"template":"","format":"standard","meta":{"_acf_changed":false,"footnotes":""},"categories":[73],"class_list":["post-16572","post","type-post","status-publish","format-standard","has-post-thumbnail","hentry"],"acf":{"file":"","file_label":"Download PDF"},"_links":{"self":[{"href":"https:\/\/www.sienna-im.com\/fr\/wp-json\/wp\/v2\/posts\/16572","targetHints":{"allow":["GET"]}}],"collection":[{"href":"https:\/\/www.sienna-im.com\/fr\/wp-json\/wp\/v2\/posts"}],"about":[{"href":"https:\/\/www.sienna-im.com\/fr\/wp-json\/wp\/v2\/types\/post"}],"author":[{"embeddable":true,"href":"https:\/\/www.sienna-im.com\/fr\/wp-json\/wp\/v2\/users\/12"}],"replies":[{"embeddable":true,"href":"https:\/\/www.sienna-im.com\/fr\/wp-json\/wp\/v2\/comments?post=16572"}],"version-history":[{"count":1,"href":"https:\/\/www.sienna-im.com\/fr\/wp-json\/wp\/v2\/posts\/16572\/revisions"}],"predecessor-version":[{"id":16573,"href":"https:\/\/www.sienna-im.com\/fr\/wp-json\/wp\/v2\/posts\/16572\/revisions\/16573"}],"wp:featuredmedia":[{"embeddable":true,"href":"https:\/\/www.sienna-im.com\/fr\/wp-json\/wp\/v2\/media\/16571"}],"wp:attachment":[{"href":"https:\/\/www.sienna-im.com\/fr\/wp-json\/wp\/v2\/media?parent=16572"}],"wp:term":[{"taxonomy":"category","embeddable":true,"href":"https:\/\/www.sienna-im.com\/fr\/wp-json\/wp\/v2\/categories?post=16572"}],"curies":[{"name":"wp","href":"https:\/\/api.w.org\/{rel}","templated":true}]}}