{"id":16594,"date":"2026-03-04T10:52:37","date_gmt":"2026-03-04T10:52:37","guid":{"rendered":"https:\/\/www.sienna-im.com\/?p=16594"},"modified":"2026-03-12T11:02:52","modified_gmt":"2026-03-12T11:02:52","slug":"croissance-investissement-moyen-orient-risque-geopolitique-majeur-susceptible-daffecter-toutes-les-economies","status":"publish","type":"post","link":"https:\/\/www.sienna-im.com\/fr\/news\/croissance-investissement-moyen-orient-risque-geopolitique-majeur-susceptible-daffecter-toutes-les-economies\/","title":{"rendered":"Croissance Investissement &#8211; Moyen-Orient : risque g\u00e9opolitique majeur susceptible d&rsquo;affecter toutes les \u00e9conomies"},"content":{"rendered":"<p>L\u2019escalade des tensions entre les \u00c9tats-Unis, Isra\u00ebl et l\u2019Iran ravive les risques g\u00e9opolitiques et \u00e9nerg\u00e9tiques, avec un impact potentiel sur les prix du p\u00e9trole et l\u2019inflation mondiale. Malgr\u00e9 la volatilit\u00e9 des march\u00e9s, le sc\u00e9nario central reste celui d\u2019un choc \u00e9conomique limit\u00e9 et temporaire, sous r\u00e9serve d\u2019une absence de perturbation majeure de l\u2019offre p\u00e9troli\u00e8re.<\/p>\n<p>Lire l&rsquo;article dans son int\u00e9gralit\u00e9 <a href=\"https:\/\/croissanceinvestissement.com\/risque-geopolitique-majeur-susceptible-daffecter-toutes-les-economies\/\">ici<\/a><\/p>\n","protected":false},"excerpt":{"rendered":"<p>L\u2019escalade des tensions entre les \u00c9tats-Unis, Isra\u00ebl et l\u2019Iran ravive les risques g\u00e9opolitiques et \u00e9nerg\u00e9tiques, avec un impact potentiel sur [&hellip;]<\/p>\n","protected":false},"author":12,"featured_media":16595,"comment_status":"closed","ping_status":"closed","sticky":false,"template":"","format":"standard","meta":{"_acf_changed":false,"footnotes":""},"categories":[73],"class_list":["post-16594","post","type-post","status-publish","format-standard","has-post-thumbnail","hentry"],"acf":{"file":"","file_label":"Download PDF"},"_links":{"self":[{"href":"https:\/\/www.sienna-im.com\/fr\/wp-json\/wp\/v2\/posts\/16594","targetHints":{"allow":["GET"]}}],"collection":[{"href":"https:\/\/www.sienna-im.com\/fr\/wp-json\/wp\/v2\/posts"}],"about":[{"href":"https:\/\/www.sienna-im.com\/fr\/wp-json\/wp\/v2\/types\/post"}],"author":[{"embeddable":true,"href":"https:\/\/www.sienna-im.com\/fr\/wp-json\/wp\/v2\/users\/12"}],"replies":[{"embeddable":true,"href":"https:\/\/www.sienna-im.com\/fr\/wp-json\/wp\/v2\/comments?post=16594"}],"version-history":[{"count":1,"href":"https:\/\/www.sienna-im.com\/fr\/wp-json\/wp\/v2\/posts\/16594\/revisions"}],"predecessor-version":[{"id":16598,"href":"https:\/\/www.sienna-im.com\/fr\/wp-json\/wp\/v2\/posts\/16594\/revisions\/16598"}],"wp:featuredmedia":[{"embeddable":true,"href":"https:\/\/www.sienna-im.com\/fr\/wp-json\/wp\/v2\/media\/16595"}],"wp:attachment":[{"href":"https:\/\/www.sienna-im.com\/fr\/wp-json\/wp\/v2\/media?parent=16594"}],"wp:term":[{"taxonomy":"category","embeddable":true,"href":"https:\/\/www.sienna-im.com\/fr\/wp-json\/wp\/v2\/categories?post=16594"}],"curies":[{"name":"wp","href":"https:\/\/api.w.org\/{rel}","templated":true}]}}