{"id":16639,"date":"2026-03-21T09:06:53","date_gmt":"2026-03-21T09:06:53","guid":{"rendered":"https:\/\/www.sienna-im.com\/?p=16639"},"modified":"2026-03-26T09:14:26","modified_gmt":"2026-03-26T09:14:26","slug":"lagefi-nous-profiterons-dune-correction-plus-significative-pour-nous-repositionner-sur-les-actions","status":"publish","type":"post","link":"https:\/\/www.sienna-im.com\/fr\/news\/lagefi-nous-profiterons-dune-correction-plus-significative-pour-nous-repositionner-sur-les-actions\/","title":{"rendered":"L&rsquo;Agefi &#8211; \u00ab\u00a0Nous profiterons d&rsquo;une correction plus significative pour nous repositionner sur les actions\u00a0\u00bb"},"content":{"rendered":"<p>Les actions europ\u00e9ennes, malgr\u00e9 un contexte g\u00e9opolitique incertain, continuent d\u2019offrir des opportunit\u00e9s attractives, port\u00e9es par des valorisations plus faibles et des perspectives de rebond \u00e0 moyen terme.<\/p>\n<p>D\u00e9couvrez l\u2019analyse compl\u00e8te <a href=\"https:\/\/www.agefi.fr\/news\/economie-marches\/nous-profiterons-dune-correction-plus-significative-pour-nous-repositionner-sur-les-actions\">ici<\/a>.<\/p>\n","protected":false},"excerpt":{"rendered":"<p>Les actions europ\u00e9ennes, malgr\u00e9 un contexte g\u00e9opolitique incertain, continuent d\u2019offrir des opportunit\u00e9s attractives, port\u00e9es par des valorisations plus faibles et [&hellip;]<\/p>\n","protected":false},"author":12,"featured_media":16640,"comment_status":"closed","ping_status":"closed","sticky":false,"template":"","format":"standard","meta":{"_acf_changed":false,"footnotes":""},"categories":[73],"class_list":["post-16639","post","type-post","status-publish","format-standard","has-post-thumbnail","hentry"],"acf":{"file":"","file_label":"Download PDF"},"_links":{"self":[{"href":"https:\/\/www.sienna-im.com\/fr\/wp-json\/wp\/v2\/posts\/16639","targetHints":{"allow":["GET"]}}],"collection":[{"href":"https:\/\/www.sienna-im.com\/fr\/wp-json\/wp\/v2\/posts"}],"about":[{"href":"https:\/\/www.sienna-im.com\/fr\/wp-json\/wp\/v2\/types\/post"}],"author":[{"embeddable":true,"href":"https:\/\/www.sienna-im.com\/fr\/wp-json\/wp\/v2\/users\/12"}],"replies":[{"embeddable":true,"href":"https:\/\/www.sienna-im.com\/fr\/wp-json\/wp\/v2\/comments?post=16639"}],"version-history":[{"count":1,"href":"https:\/\/www.sienna-im.com\/fr\/wp-json\/wp\/v2\/posts\/16639\/revisions"}],"predecessor-version":[{"id":16643,"href":"https:\/\/www.sienna-im.com\/fr\/wp-json\/wp\/v2\/posts\/16639\/revisions\/16643"}],"wp:featuredmedia":[{"embeddable":true,"href":"https:\/\/www.sienna-im.com\/fr\/wp-json\/wp\/v2\/media\/16640"}],"wp:attachment":[{"href":"https:\/\/www.sienna-im.com\/fr\/wp-json\/wp\/v2\/media?parent=16639"}],"wp:term":[{"taxonomy":"category","embeddable":true,"href":"https:\/\/www.sienna-im.com\/fr\/wp-json\/wp\/v2\/categories?post=16639"}],"curies":[{"name":"wp","href":"https:\/\/api.w.org\/{rel}","templated":true}]}}