{"id":5780,"date":"2023-05-31T07:48:31","date_gmt":"2023-05-31T07:48:31","guid":{"rendered":"https:\/\/www.sienna-im.com\/?p=5780"},"modified":"2025-11-12T08:31:15","modified_gmt":"2025-11-12T08:31:15","slug":"alix-faure-directrice-esg-de-sienna-im-partage-dans-le-podcast-les-lumieres-comment-faire-bouger-les-lignes-de-la-finance-durable","status":"publish","type":"post","link":"https:\/\/www.sienna-im.com\/fr\/news\/alix-faure-directrice-esg-de-sienna-im-partage-dans-le-podcast-les-lumieres-comment-faire-bouger-les-lignes-de-la-finance-durable\/","title":{"rendered":"Alix Faure, directrice ESG de Sienna IM, partage dans le podcast Les Lumi\u00e8res comment faire bouger les lignes de la finance durable"},"content":{"rendered":"<p>Dans un podcast crois\u00e9 avec Coline Pavot, \u00ab\u00a0Des responsables ESG \u00e0 impact\u00a0\u00bb, Alix Faure aborde de multiples sujets en lien avec son domaine d\u2019expertise, l&rsquo;ESG, tels que le r\u00f4le d&rsquo;un responsable ESG au sein d&rsquo;une soci\u00e9t\u00e9 de gestion d\u2019actifs, les enjeux environnementaux actuels ou le poids des acteurs priv\u00e9s dans ce d\u00e9bat public : \u00ab\u00a0Il y a une vraie reconnaissance que l&rsquo;entreprise a un impact sur son \u00e9cosyst\u00e8me, que ce soit son syst\u00e8me environnement ou social\u00a0\u00bb.<\/p>\n<p>Elle y \u00e9voque aussi les progr\u00e8s, les d\u00e9fis et la complexit\u00e9 du d\u00e9bat, tout apportant une vision personnelle au sujet qui lui tient \u00e0 c\u0153ur.<\/p>\n<p>La version int\u00e9grale du podcast \u00ab Les Lumi\u00e8res \u00bb, d\u00e9di\u00e9 aux femmes qui \u00e9clairent la finance, est disponible <a href=\"https:\/\/open.spotify.com\/episode\/6fl58fkcbS3q77HMTYODr4?si=Ea4z4SRaQlemACwu6pF5wg&amp;nd=1\">sur Spotify en cliquant ici<\/a>.<\/p>\n","protected":false},"excerpt":{"rendered":"<p>Dans un podcast crois\u00e9 avec Coline Pavot, \u00ab\u00a0Des responsables ESG \u00e0 impact\u00a0\u00bb, Alix Faure aborde de multiples sujets en lien [&hellip;]<\/p>\n","protected":false},"author":2,"featured_media":13824,"comment_status":"closed","ping_status":"closed","sticky":false,"template":"","format":"standard","meta":{"_acf_changed":false,"footnotes":""},"categories":[73],"class_list":["post-5780","post","type-post","status-publish","format-standard","has-post-thumbnail","hentry"],"acf":{"file":"","file_label":"Download PDF"},"_links":{"self":[{"href":"https:\/\/www.sienna-im.com\/fr\/wp-json\/wp\/v2\/posts\/5780","targetHints":{"allow":["GET"]}}],"collection":[{"href":"https:\/\/www.sienna-im.com\/fr\/wp-json\/wp\/v2\/posts"}],"about":[{"href":"https:\/\/www.sienna-im.com\/fr\/wp-json\/wp\/v2\/types\/post"}],"author":[{"embeddable":true,"href":"https:\/\/www.sienna-im.com\/fr\/wp-json\/wp\/v2\/users\/2"}],"replies":[{"embeddable":true,"href":"https:\/\/www.sienna-im.com\/fr\/wp-json\/wp\/v2\/comments?post=5780"}],"version-history":[{"count":3,"href":"https:\/\/www.sienna-im.com\/fr\/wp-json\/wp\/v2\/posts\/5780\/revisions"}],"predecessor-version":[{"id":15206,"href":"https:\/\/www.sienna-im.com\/fr\/wp-json\/wp\/v2\/posts\/5780\/revisions\/15206"}],"wp:featuredmedia":[{"embeddable":true,"href":"https:\/\/www.sienna-im.com\/fr\/wp-json\/wp\/v2\/media\/13824"}],"wp:attachment":[{"href":"https:\/\/www.sienna-im.com\/fr\/wp-json\/wp\/v2\/media?parent=5780"}],"wp:term":[{"taxonomy":"category","embeddable":true,"href":"https:\/\/www.sienna-im.com\/fr\/wp-json\/wp\/v2\/categories?post=5780"}],"curies":[{"name":"wp","href":"https:\/\/api.w.org\/{rel}","templated":true}]}}