{"id":5819,"date":"2023-05-31T14:35:35","date_gmt":"2023-05-31T14:35:35","guid":{"rendered":"https:\/\/www.sienna-im.com\/?p=5819"},"modified":"2025-11-10T15:28:10","modified_gmt":"2025-11-10T15:28:10","slug":"reponse-de-sienna-im-a-la-consultation-sur-les-modifications-apportees-au-label-isr","status":"publish","type":"post","link":"https:\/\/www.sienna-im.com\/fr\/news\/reponse-de-sienna-im-a-la-consultation-sur-les-modifications-apportees-au-label-isr\/","title":{"rendered":"R\u00e9ponse de Sienna IM \u00e0 la consultation sur les modifications apport\u00e9es au Label ISR"},"content":{"rendered":"<p>Sienna IM salue la refonte du Label ISR, qui s\u2019accompagne de plus d\u2019exigence et dont l\u2019un des objectifs est de lutter contre l\u2019\u00e9coblanchiment. En revanche, Sienna IM tient \u00e0 souligner certains points qui lui sembleraient permettre au Label ISR d\u2019\u00eatre encore plus en efficace et de ne pas cr\u00e9er une distorsion de concurrence.<\/p>\n<p>Les commentaires de Sienna IM ne portent que sur le r\u00e9f\u00e9rentiel applicable aux fonds mobiliers, mais ils sont applicables au r\u00e9f\u00e9rentiel applicable aux mandats de gestion.<\/p>\n<p>Cliquez <a href=\"https:\/\/www.sienna-im.com\/wp-content\/uploads\/2023\/05\/sienna-im_sustainability-organisation_2023-final-fr.pdf\">ici<\/a> pour consulter la r\u00e9ponse.<\/p>\n","protected":false},"excerpt":{"rendered":"<p>Sienna IM salue la refonte du Label ISR, qui s\u2019accompagne de plus d\u2019exigence et dont l\u2019un des objectifs est de [&hellip;]<\/p>\n","protected":false},"author":2,"featured_media":5833,"comment_status":"closed","ping_status":"closed","sticky":false,"template":"","format":"standard","meta":{"_acf_changed":false,"footnotes":""},"categories":[73],"class_list":["post-5819","post","type-post","status-publish","format-standard","has-post-thumbnail","hentry"],"acf":{"file":"","file_label":""},"_links":{"self":[{"href":"https:\/\/www.sienna-im.com\/fr\/wp-json\/wp\/v2\/posts\/5819","targetHints":{"allow":["GET"]}}],"collection":[{"href":"https:\/\/www.sienna-im.com\/fr\/wp-json\/wp\/v2\/posts"}],"about":[{"href":"https:\/\/www.sienna-im.com\/fr\/wp-json\/wp\/v2\/types\/post"}],"author":[{"embeddable":true,"href":"https:\/\/www.sienna-im.com\/fr\/wp-json\/wp\/v2\/users\/2"}],"replies":[{"embeddable":true,"href":"https:\/\/www.sienna-im.com\/fr\/wp-json\/wp\/v2\/comments?post=5819"}],"version-history":[{"count":7,"href":"https:\/\/www.sienna-im.com\/fr\/wp-json\/wp\/v2\/posts\/5819\/revisions"}],"predecessor-version":[{"id":5838,"href":"https:\/\/www.sienna-im.com\/fr\/wp-json\/wp\/v2\/posts\/5819\/revisions\/5838"}],"wp:featuredmedia":[{"embeddable":true,"href":"https:\/\/www.sienna-im.com\/fr\/wp-json\/wp\/v2\/media\/5833"}],"wp:attachment":[{"href":"https:\/\/www.sienna-im.com\/fr\/wp-json\/wp\/v2\/media?parent=5819"}],"wp:term":[{"taxonomy":"category","embeddable":true,"href":"https:\/\/www.sienna-im.com\/fr\/wp-json\/wp\/v2\/categories?post=5819"}],"curies":[{"name":"wp","href":"https:\/\/api.w.org\/{rel}","templated":true}]}}