{"id":6084,"date":"2023-06-27T09:37:20","date_gmt":"2023-06-27T09:37:20","guid":{"rendered":"https:\/\/www.sienna-im.com\/?p=6084"},"modified":"2025-11-10T15:22:48","modified_gmt":"2025-11-10T15:22:48","slug":"philippe-garrel-partage-son-point-de-vue-sur-la-situation-des-investissements-en-dette-privee-dans-les-infrastructures-denergie-renouvelable","status":"publish","type":"post","link":"https:\/\/www.sienna-im.com\/fr\/news\/philippe-garrel-partage-son-point-de-vue-sur-la-situation-des-investissements-en-dette-privee-dans-les-infrastructures-denergie-renouvelable\/","title":{"rendered":"La dette priv\u00e9e dans les infrastructures d&rsquo;\u00e9nergie renouvelable &#8211; Intelligent Investors"},"content":{"rendered":"<p>Philippe Garrel, Directeur des Fonds Transition Energ\u00e9tique au sein de Sienna Private Credit, partage son point de vue sur la situation des investissements en dette priv\u00e9e dans les infrastructures d&rsquo;\u00e9nergie renouvelable dans Intelligent Investors. Intrins\u00e8quement, ces investissements \u00a0offrent des flux de tr\u00e9sorerie stables sur le long terme et peu impact\u00e9s par les cycles \u00e9conomiques. Avec le Green Deal de l&rsquo;Union europ\u00e9enne, le secteur est tr\u00e8s dynamique et offre actuellement d&rsquo;excellentes opportunit\u00e9s. En effet, le contexte r\u00e9glementaire et les taux d&rsquo;int\u00e9r\u00eats \u00e9lev\u00e9s constituent un momentum particuli\u00e8rement favorable pour entrer sur le march\u00e9 de la dette priv\u00e9e de type infrastructure et b\u00e9n\u00e9ficier \u00e0 la fois de rendements \u00e9lev\u00e9s et de la robustesse des actifs infras qui ont historiquement des d\u00e9fauts faibles et de tr\u00e8s bons taux de recouvrement. Le financement des infrastructures d&rsquo;\u00e9nergie renouvelable contribue \u00e9galement \u00e0 la transition \u00e9nerg\u00e9tique avec un impact environnemental mesurable. Pour b\u00e9n\u00e9ficier pleinement des qualit\u00e9s intrins\u00e8ques de ces investissements, il est n\u00e9cessaire bien \u00e9valuer le projet sous-jacent (risque pays, r\u00e9glementaire, march\u00e9,\u2026). En conclusion, les financements d\u2019infrastructures renouvelables constituent actuellement de tr\u00e8s bonnes opportunit\u00e9s en mati\u00e8re d\u2019impact risque rendement.<\/p>\n<p>Cliquez <a href=\"https:\/\/protect-eu.mimecast.com\/s\/QFILCrR3VcOrmvt7MpWy?domain=intelligent-investors.de\/\">ici<\/a> pour d\u00e9couvrir l&rsquo;article (\u00c9dition 02 | 23 &#8211; Page 50-53)<\/p>\n","protected":false},"excerpt":{"rendered":"<p>Philippe Garrel, Directeur des Fonds Transition Energ\u00e9tique au sein de Sienna Private Credit, partage son point de vue sur la [&hellip;]<\/p>\n","protected":false},"author":2,"featured_media":6111,"comment_status":"closed","ping_status":"closed","sticky":false,"template":"","format":"standard","meta":{"_acf_changed":false,"footnotes":""},"categories":[73],"class_list":["post-6084","post","type-post","status-publish","format-standard","has-post-thumbnail","hentry"],"acf":{"file":"","file_label":"Download PDF"},"_links":{"self":[{"href":"https:\/\/www.sienna-im.com\/fr\/wp-json\/wp\/v2\/posts\/6084","targetHints":{"allow":["GET"]}}],"collection":[{"href":"https:\/\/www.sienna-im.com\/fr\/wp-json\/wp\/v2\/posts"}],"about":[{"href":"https:\/\/www.sienna-im.com\/fr\/wp-json\/wp\/v2\/types\/post"}],"author":[{"embeddable":true,"href":"https:\/\/www.sienna-im.com\/fr\/wp-json\/wp\/v2\/users\/2"}],"replies":[{"embeddable":true,"href":"https:\/\/www.sienna-im.com\/fr\/wp-json\/wp\/v2\/comments?post=6084"}],"version-history":[{"count":3,"href":"https:\/\/www.sienna-im.com\/fr\/wp-json\/wp\/v2\/posts\/6084\/revisions"}],"predecessor-version":[{"id":6113,"href":"https:\/\/www.sienna-im.com\/fr\/wp-json\/wp\/v2\/posts\/6084\/revisions\/6113"}],"wp:featuredmedia":[{"embeddable":true,"href":"https:\/\/www.sienna-im.com\/fr\/wp-json\/wp\/v2\/media\/6111"}],"wp:attachment":[{"href":"https:\/\/www.sienna-im.com\/fr\/wp-json\/wp\/v2\/media?parent=6084"}],"wp:term":[{"taxonomy":"category","embeddable":true,"href":"https:\/\/www.sienna-im.com\/fr\/wp-json\/wp\/v2\/categories?post=6084"}],"curies":[{"name":"wp","href":"https:\/\/api.w.org\/{rel}","templated":true}]}}