{"id":6863,"date":"2023-10-26T09:35:30","date_gmt":"2023-10-26T09:35:30","guid":{"rendered":"https:\/\/www.sienna-im.com\/?p=6863"},"modified":"2024-04-03T12:57:24","modified_gmt":"2024-04-03T12:57:24","slug":"benjamin-debre-promu-directeur-des-fonds-de-dettes-immobilieres","status":"publish","type":"post","link":"https:\/\/www.sienna-im.com\/fr\/news\/benjamin-debre-promu-directeur-des-fonds-de-dettes-immobilieres\/","title":{"rendered":"Benjamin Debr\u00e9 promu directeur des fonds de dettes immobili\u00e8res"},"content":{"rendered":"<p>Sienna Investment Managers annonce la promotion de Benjamin Debr\u00e9 au poste de directeur des fonds de dettes immobili\u00e8res au sein de son expertise Private Credit. Il succ\u00e8de \u00e0 ce poste \u00e0 Christophe Murciani.<\/p>\n<p>Benjamin Debr\u00e9, 47 ans, a rejoint Sienna IM en 2017 comme directeur adjoint des fonds de pr\u00eats immobiliers. Auparavant, Benjamin \u00e9tait directeur du p\u00f4le Debt Advisory chez JLL (2015-2017) et responsable du d\u00e9veloppement commercial chez Oberthur Fiduciaire en charge des march\u00e9s \u00e9mergents (2011-2013). Avant cela, il a contribu\u00e9 au d\u00e9veloppement des activit\u00e9s de financements structur\u00e9s immobiliers de Citigroup (2006-2011) et fusions &amp; acquisitions en immobilier de Lazard Fr\u00e8res (2003-2006).<\/p>\n","protected":false},"excerpt":{"rendered":"<p>Sienna Investment Managers annonce la promotion de Benjamin Debr\u00e9 au poste de directeur des fonds de dettes immobili\u00e8res au sein [&hellip;]<\/p>\n","protected":false},"author":2,"featured_media":6877,"comment_status":"closed","ping_status":"closed","sticky":false,"template":"","format":"standard","meta":{"_acf_changed":false,"footnotes":""},"categories":[73,32],"class_list":["post-6863","post","type-post","status-publish","format-standard","has-post-thumbnail","hentry"],"acf":{"file":6865,"file_label":"T\u00e9l\u00e9charger PDF"},"_links":{"self":[{"href":"https:\/\/www.sienna-im.com\/fr\/wp-json\/wp\/v2\/posts\/6863","targetHints":{"allow":["GET"]}}],"collection":[{"href":"https:\/\/www.sienna-im.com\/fr\/wp-json\/wp\/v2\/posts"}],"about":[{"href":"https:\/\/www.sienna-im.com\/fr\/wp-json\/wp\/v2\/types\/post"}],"author":[{"embeddable":true,"href":"https:\/\/www.sienna-im.com\/fr\/wp-json\/wp\/v2\/users\/2"}],"replies":[{"embeddable":true,"href":"https:\/\/www.sienna-im.com\/fr\/wp-json\/wp\/v2\/comments?post=6863"}],"version-history":[{"count":4,"href":"https:\/\/www.sienna-im.com\/fr\/wp-json\/wp\/v2\/posts\/6863\/revisions"}],"predecessor-version":[{"id":6876,"href":"https:\/\/www.sienna-im.com\/fr\/wp-json\/wp\/v2\/posts\/6863\/revisions\/6876"}],"wp:featuredmedia":[{"embeddable":true,"href":"https:\/\/www.sienna-im.com\/fr\/wp-json\/wp\/v2\/media\/6877"}],"wp:attachment":[{"href":"https:\/\/www.sienna-im.com\/fr\/wp-json\/wp\/v2\/media?parent=6863"}],"wp:term":[{"taxonomy":"category","embeddable":true,"href":"https:\/\/www.sienna-im.com\/fr\/wp-json\/wp\/v2\/categories?post=6863"}],"curies":[{"name":"wp","href":"https:\/\/api.w.org\/{rel}","templated":true}]}}