{"id":7161,"date":"2023-11-28T10:52:08","date_gmt":"2023-11-28T10:52:08","guid":{"rendered":"https:\/\/www.sienna-im.com\/?p=7161"},"modified":"2024-04-22T07:57:58","modified_gmt":"2024-04-22T07:57:58","slug":"un-troisieme-fonds-de-dette-junior-pour-sienna-im","status":"publish","type":"post","link":"https:\/\/www.sienna-im.com\/fr\/news\/un-troisieme-fonds-de-dette-junior-pour-sienna-im\/","title":{"rendered":"Un troisi\u00e8me fonds de dette junior pour Sienna IM"},"content":{"rendered":"<p>Nouvelle dynamique chez Sienna Private Credit. La branche d\u00e9di\u00e9e \u00e0 la dette priv\u00e9e de Sienna Investment Managers concr\u00e9tise une nouvelle strat\u00e9gie pour l&rsquo;ann\u00e9e 2024 dans un environnement macro\u00e9conomique alt\u00e9r\u00e9. Ayant quasiment d\u00e9ploy\u00e9 l&rsquo;int\u00e9gralit\u00e9 des 220 M\u20ac de son v\u00e9hicule Sienna Sustainable Infra Debt II, encore r\u00e9cemment connu sous le nom de Predirec EnR 2, les \u00e9quipes du <em>GP\u00a0<\/em>viennent d&rsquo;entamer la commercialisation d&rsquo;un troisi\u00e8me mill\u00e9sime d\u00e9di\u00e9 au financement des \u00e9nergies renouvelables et de la transition \u00e9nerg\u00e9tique.<\/p>\n<p>Consulter l\u2019article\u00a0<a href=\"https:\/\/www.cfnewsinfra.net\/L-actualite\/Levees-de-fonds\/Vehicule\/Un-troisieme-fonds-de-dette-junior-pour-Sienna-IM-496150\">en cliquant ici.<\/a><\/p>\n","protected":false},"excerpt":{"rendered":"<p>Nouvelle dynamique chez Sienna Private Credit. La branche d\u00e9di\u00e9e \u00e0 la dette priv\u00e9e de Sienna Investment Managers concr\u00e9tise une nouvelle [&hellip;]<\/p>\n","protected":false},"author":2,"featured_media":7162,"comment_status":"closed","ping_status":"closed","sticky":false,"template":"","format":"standard","meta":{"_acf_changed":false,"footnotes":""},"categories":[73],"class_list":["post-7161","post","type-post","status-publish","format-standard","has-post-thumbnail","hentry"],"acf":{"file":"","file_label":"Download PDF"},"_links":{"self":[{"href":"https:\/\/www.sienna-im.com\/fr\/wp-json\/wp\/v2\/posts\/7161","targetHints":{"allow":["GET"]}}],"collection":[{"href":"https:\/\/www.sienna-im.com\/fr\/wp-json\/wp\/v2\/posts"}],"about":[{"href":"https:\/\/www.sienna-im.com\/fr\/wp-json\/wp\/v2\/types\/post"}],"author":[{"embeddable":true,"href":"https:\/\/www.sienna-im.com\/fr\/wp-json\/wp\/v2\/users\/2"}],"replies":[{"embeddable":true,"href":"https:\/\/www.sienna-im.com\/fr\/wp-json\/wp\/v2\/comments?post=7161"}],"version-history":[{"count":4,"href":"https:\/\/www.sienna-im.com\/fr\/wp-json\/wp\/v2\/posts\/7161\/revisions"}],"predecessor-version":[{"id":8100,"href":"https:\/\/www.sienna-im.com\/fr\/wp-json\/wp\/v2\/posts\/7161\/revisions\/8100"}],"wp:featuredmedia":[{"embeddable":true,"href":"https:\/\/www.sienna-im.com\/fr\/wp-json\/wp\/v2\/media\/7162"}],"wp:attachment":[{"href":"https:\/\/www.sienna-im.com\/fr\/wp-json\/wp\/v2\/media?parent=7161"}],"wp:term":[{"taxonomy":"category","embeddable":true,"href":"https:\/\/www.sienna-im.com\/fr\/wp-json\/wp\/v2\/categories?post=7161"}],"curies":[{"name":"wp","href":"https:\/\/api.w.org\/{rel}","templated":true}]}}