{"id":7232,"date":"2023-12-11T10:55:50","date_gmt":"2023-12-11T10:55:50","guid":{"rendered":"https:\/\/www.sienna-im.com\/?p=7232"},"modified":"2024-04-03T12:40:40","modified_gmt":"2024-04-03T12:40:40","slug":"nous-ferons-encore-des-acquisitions-interview-de-paul-de-leusse-lagefi","status":"publish","type":"post","link":"https:\/\/www.sienna-im.com\/fr\/news\/nous-ferons-encore-des-acquisitions-interview-de-paul-de-leusse-lagefi\/","title":{"rendered":"\u00abNous ferons encore des acquisitions\u00bb, Interview de Paul de Leusse, L&rsquo;Agefi"},"content":{"rendered":"<p>Paul de Leusse fait le bilan de sa premi\u00e8re ann\u00e9e \u00e0 la direction g\u00e9n\u00e9rale de Sienna Investment Managers. Il pr\u00e9sente \u00e9galement ses projets de d\u00e9veloppement de la soci\u00e9t\u00e9 de gestion hors de France. Des acquisitions sont au programme, mais elles seront moins importantes que celles qui ont \u00e9t\u00e9 r\u00e9alis\u00e9es jusqu\u2019\u00e0 pr\u00e9sent.<\/p>\n<p>\u00abL\u2019hybridation des fonds est un vecteur fort de d\u00e9veloppement pour Sienna IM. Le fait qu\u2019il y ait des fonds cot\u00e9s, non cot\u00e9s, de la dette priv\u00e9e, etc. rel\u00e8ve d\u2019une vision de g\u00e9rant. Le client, lui, veut s\u2019exposer \u00e0 la dette et aux actions, qu\u2019elles soient cot\u00e9es ou non. Nous avons donc travaill\u00e9 sur trois strat\u00e9gies hybrides : le fonds mon\u00e9taire que je mentionnais ; un fonds social qui associe obligations et dette priv\u00e9e et un fonds <em>evergreen <\/em>qui associera gestion liquide et <em>private equity <\/em>et s\u2019adressera au <em>private equity.\u00bb<\/em><\/p>\n<p><a href=\"https:\/\/www.agefi.fr\/asset-management\/people\/paul-de-leusse-sienna-im-nous-ferons-encore-des-acquisitions\">Click here<\/a> to read the article<\/p>\n<p>&nbsp;<\/p>\n","protected":false},"excerpt":{"rendered":"<p>Paul de Leusse fait le bilan de sa premi\u00e8re ann\u00e9e \u00e0 la direction g\u00e9n\u00e9rale de Sienna Investment Managers. Il pr\u00e9sente [&hellip;]<\/p>\n","protected":false},"author":2,"featured_media":7241,"comment_status":"closed","ping_status":"closed","sticky":false,"template":"","format":"standard","meta":{"_acf_changed":false,"footnotes":""},"categories":[73],"class_list":["post-7232","post","type-post","status-publish","format-standard","has-post-thumbnail","hentry"],"acf":{"file":"","file_label":"Download PDF"},"_links":{"self":[{"href":"https:\/\/www.sienna-im.com\/fr\/wp-json\/wp\/v2\/posts\/7232","targetHints":{"allow":["GET"]}}],"collection":[{"href":"https:\/\/www.sienna-im.com\/fr\/wp-json\/wp\/v2\/posts"}],"about":[{"href":"https:\/\/www.sienna-im.com\/fr\/wp-json\/wp\/v2\/types\/post"}],"author":[{"embeddable":true,"href":"https:\/\/www.sienna-im.com\/fr\/wp-json\/wp\/v2\/users\/2"}],"replies":[{"embeddable":true,"href":"https:\/\/www.sienna-im.com\/fr\/wp-json\/wp\/v2\/comments?post=7232"}],"version-history":[{"count":3,"href":"https:\/\/www.sienna-im.com\/fr\/wp-json\/wp\/v2\/posts\/7232\/revisions"}],"predecessor-version":[{"id":7251,"href":"https:\/\/www.sienna-im.com\/fr\/wp-json\/wp\/v2\/posts\/7232\/revisions\/7251"}],"wp:featuredmedia":[{"embeddable":true,"href":"https:\/\/www.sienna-im.com\/fr\/wp-json\/wp\/v2\/media\/7241"}],"wp:attachment":[{"href":"https:\/\/www.sienna-im.com\/fr\/wp-json\/wp\/v2\/media?parent=7232"}],"wp:term":[{"taxonomy":"category","embeddable":true,"href":"https:\/\/www.sienna-im.com\/fr\/wp-json\/wp\/v2\/categories?post=7232"}],"curies":[{"name":"wp","href":"https:\/\/api.w.org\/{rel}","templated":true}]}}