{"id":7996,"date":"2024-04-03T08:39:17","date_gmt":"2024-04-03T08:39:17","guid":{"rendered":"https:\/\/www.sienna-im.com\/?p=7996"},"modified":"2026-04-21T08:41:06","modified_gmt":"2026-04-21T08:41:06","slug":"sienna-im-elargit-son-activite-de-dette-privee-en-italie-avec-lacquisition-de-ver-capital","status":"publish","type":"post","link":"https:\/\/www.sienna-im.com\/fr\/news\/sienna-im-elargit-son-activite-de-dette-privee-en-italie-avec-lacquisition-de-ver-capital\/","title":{"rendered":"Sienna IM \u00e9largit son activit\u00e9 de dette priv\u00e9e \u00e0 l&rsquo;Italie avec l&rsquo;acquisition de Ver Capital"},"content":{"rendered":"<p>Sienna Investment Managers (\u201cSienna IM\u201d) s\u2019installe en Italie et renforce son activit\u00e9 de dette priv\u00e9e, en unissant ses forces avec Ver Capital SGR (\u201cVer Capital\u201d), un acteur financier italien de r\u00e9f\u00e9rence bas\u00e9 \u00e0 Milan.\u00a0 Cette acquisition est une \u00e9tape importante dans sa strat\u00e9gie de d\u00e9veloppement dans la gestion d\u2019actifs multi-expertise \u00e0 l\u2019\u00e9chelle pan-europ\u00e9enne, portant sa pr\u00e9sence d\u00e9sormais \u00e0 8 pays.<\/p>\n<p>En combinant leurs savoir faire, connaissance du secteur et ressources, Sienna IM et Ver Capital g\u00e9reront ensemble pr\u00e8s de 3 Mds \u20ac d\u2019actifs en dette priv\u00e9e (sur 34,1 Mds \u20ac d\u2019encours totaux du groupe \u00e0 fin d\u00e9cembre 2023) et acc\u00e9l\u00e9reront leur d\u00e9veloppement, avec des solutions compl\u00e8tes d&rsquo;investissement accessibles \u00e0 un plus grand nombre d&rsquo;investisseurs bas\u00e9s historiquement en France et en Italie et avec une volont\u00e9 d\u2019atteindre une client\u00e8le internationale plus large.<\/p>\n<p>Gr\u00e2ce \u00e0 son \u00e9quipe de professionnels exp\u00e9riment\u00e9s et \u00e0 sa qu\u00eate de l&rsquo;excellence, Ver Capital s&rsquo;est forg\u00e9 une solide r\u00e9putation sur le march\u00e9 italien. A l\u2019issue de cette op\u00e9ration, Ver Capital ajoutera une expertise hautement reconnue du high yield et des pr\u00eats \u00e0 effet de levier \u00e0 l\u2019offre existante de Sienna IM. De son c\u00f4t\u00e9, Sienna IM capitalisera sur son expertise et son track-record, tant en mati\u00e8re de financement adoss\u00e9 \u00e0 des actifs r\u00e9els (immobilier, infrastructures et secteur public) que de pr\u00eats directs (segment mid &amp; small market).<\/p>\n<p>Paul de Leusse, CEO de Sienna IM, a d\u00e9clar\u00e9 : \u00ab\u00a0En unissant nos forces, nous aurons la taille n\u00e9cessaire sur les deux march\u00e9s pour faire b\u00e9n\u00e9ficier les clients fran\u00e7ais et italiens d\u2019une gamme de produits et de services enrichie ainsi que de notre maillage europ\u00e9en. Nous sommes ravis d&rsquo;accueillir Andrea Pescatori qui apportera \u00e0 notre \u00e9quipe de direction son r\u00e9seau d&rsquo;investisseurs italiens et sa connaissance approfondie du march\u00e9 local de la gestion d&rsquo;actifs.\u00a0\u00bb<\/p>\n<p>Laurent Dubois, Chief Investment Officer \u2013 Private Debt, a ajout\u00e9 : \u00a0\u00bb Compte tenu de la compl\u00e9mentarit\u00e9 de nos points forts, ce nouveau partenariat transfrontalier cr\u00e9era un acteur unique et agile couvrant un large \u00e9ventail de solutions de cr\u00e9dit liquides et priv\u00e9es, en r\u00e9ponse aux exigences les plus pouss\u00e9es exprim\u00e9es par les investisseurs dans le monde entier. \u00bb<\/p>\n<p>Andrea Pescatori, PDG de Ver Capital, a comment\u00e9 : \u00a0\u00bb Nous sommes tr\u00e8s heureux de lancer le partenariat avec Sienna IM, qui marquera un nouveau chapitre pour Ver Capital, avec une perspective plus internationale et dans le but de cr\u00e9er un sp\u00e9cialiste global int\u00e9gr\u00e9 de la dette priv\u00e9e au niveau europ\u00e9en, fort d\u2019une exp\u00e9rience et d\u2019une r\u00e9putation solides \u00bb.<\/p>\n<p>A propos de Ver Capital<br \/>\nVer Capital est un g\u00e9rant d&rsquo;actifs europ\u00e9en sp\u00e9cialis\u00e9 dans la dette d&rsquo;entreprise europ\u00e9enne par le biais de fonds AIF et UCITS,<br \/>\nbas\u00e9 en Italie et au Luxembourg. Son \u00e9quipe de direction travaille ensemble depuis 2006. Ver Capital offre l\u2019acc\u00e8s \u00e0 diff\u00e9rentes<br \/>\nstrat\u00e9gies sur le march\u00e9 europ\u00e9en du cr\u00e9dit : pr\u00eats \u00e0 effet de levier, obligations \u00e0 haut rendement, dette priv\u00e9e, transition<br \/>\n\u00e9nerg\u00e9tique et situations sp\u00e9ciales. Gr\u00e2ce \u00e0 une approche d&rsquo;investissement ax\u00e9e sur les fondamentaux, sa base d&rsquo;investisseurs<br \/>\ncomprend institutions souveraines, banques, compagnies d&rsquo;assurance, fonds de pension, fondations, family offices et fonds de<br \/>\nfonds. Ver Capital a sign\u00e9 les Principes pour l&rsquo;investissement responsable (PRI) et int\u00e8grent les facteurs environnementaux,<br \/>\nsociaux et de gouvernance (ESG) dans ses d\u00e9cisions d&rsquo;investissement.<\/p>\n<p>&nbsp;<\/p>\n","protected":false},"excerpt":{"rendered":"<p>Sienna Investment Managers (\u201cSienna IM\u201d) s\u2019installe en Italie et renforce son activit\u00e9 de dette priv\u00e9e, en unissant ses forces avec [&hellip;]<\/p>\n","protected":false},"author":2,"featured_media":7994,"comment_status":"closed","ping_status":"closed","sticky":false,"template":"","format":"standard","meta":{"_acf_changed":false,"footnotes":""},"categories":[73,32],"class_list":["post-7996","post","type-post","status-publish","format-standard","has-post-thumbnail","hentry"],"acf":{"file":7997,"file_label":"T\u00e9l\u00e9charger le PDF"},"_links":{"self":[{"href":"https:\/\/www.sienna-im.com\/fr\/wp-json\/wp\/v2\/posts\/7996","targetHints":{"allow":["GET"]}}],"collection":[{"href":"https:\/\/www.sienna-im.com\/fr\/wp-json\/wp\/v2\/posts"}],"about":[{"href":"https:\/\/www.sienna-im.com\/fr\/wp-json\/wp\/v2\/types\/post"}],"author":[{"embeddable":true,"href":"https:\/\/www.sienna-im.com\/fr\/wp-json\/wp\/v2\/users\/2"}],"replies":[{"embeddable":true,"href":"https:\/\/www.sienna-im.com\/fr\/wp-json\/wp\/v2\/comments?post=7996"}],"version-history":[{"count":4,"href":"https:\/\/www.sienna-im.com\/fr\/wp-json\/wp\/v2\/posts\/7996\/revisions"}],"predecessor-version":[{"id":10658,"href":"https:\/\/www.sienna-im.com\/fr\/wp-json\/wp\/v2\/posts\/7996\/revisions\/10658"}],"wp:featuredmedia":[{"embeddable":true,"href":"https:\/\/www.sienna-im.com\/fr\/wp-json\/wp\/v2\/media\/7994"}],"wp:attachment":[{"href":"https:\/\/www.sienna-im.com\/fr\/wp-json\/wp\/v2\/media?parent=7996"}],"wp:term":[{"taxonomy":"category","embeddable":true,"href":"https:\/\/www.sienna-im.com\/fr\/wp-json\/wp\/v2\/categories?post=7996"}],"curies":[{"name":"wp","href":"https:\/\/api.w.org\/{rel}","templated":true}]}}