{"id":8473,"date":"2024-05-24T07:14:44","date_gmt":"2024-05-24T07:14:44","guid":{"rendered":"https:\/\/www.sienna-im.com\/?p=8473"},"modified":"2024-05-24T07:47:10","modified_gmt":"2024-05-24T07:47:10","slug":"lequipe-de-direction-de-lactivite-de-dette-privee-de-sienna-im-evolue","status":"publish","type":"post","link":"https:\/\/www.sienna-im.com\/fr\/news\/lequipe-de-direction-de-lactivite-de-dette-privee-de-sienna-im-evolue\/","title":{"rendered":"L\u2019\u00e9quipe de direction de l&rsquo;activit\u00e9 de dette priv\u00e9e de Sienna IM \u00e9volue"},"content":{"rendered":"<p><strong>Paris, le 23 mai 2024 <\/strong>\u2013 Sienna Investment Managers (Sienna IM) annonce des \u00e9volutions au sein de l\u2019\u00e9quipe de direction de son activit\u00e9 de dette priv\u00e9e. Int\u00e9gr\u00e9e au groupe Sienna IM en mars 2022, forte de 33 ann\u00e9es d\u2019exp\u00e9rience, cette activit\u00e9 est un <em>pure player<\/em> de la dette priv\u00e9e sp\u00e9cialis\u00e9 dans le financement d\u2019actifs r\u00e9els (transition \u00e9nerg\u00e9tique, immobilier, secteur public) et les pr\u00eats directs aux entreprises, avec environ 3 milliards d\u2019actifs sous gestion.<\/p>\n<p><strong>Thibault de Saint Priest<\/strong>, co-fondateur et Managing Director historique, devient secr\u00e9taire g\u00e9n\u00e9ral du groupe Sienna IM, poste nouvellement cr\u00e9\u00e9.<\/p>\n<p><strong>Laurent Dubois<\/strong>, pr\u00e9c\u00e9demment Chief Investment Officer, est promu Managing Director \u2013 Private Credit.<\/p>\n<p><strong>Fabrice Rossary<\/strong> rejoint la soci\u00e9t\u00e9 comme Deputy Managing Director \u2013 Private Credit, avec effet imm\u00e9diat. Pr\u00e9c\u00e9demment pr\u00e9sident du directoire de SCOR Investment Partners, Fabrice apportera sa grande exp\u00e9rience de l\u2019industrie de la gestion d\u2019actifs et de la gestion responsable au comit\u00e9 de direction de Sienna AM France.<\/p>\n<p><strong>Marianne des Roseaux<\/strong> poursuit son action comme Deputy Managing Director \u2013 Private Credit.<\/p>\n<p>Paul de Leusse, CEO de Sienna Investment Managers : \u00ab <em>Les nominations de Laurent et Fabrice viennent renforcer la dynamique impuls\u00e9e depuis la cr\u00e9ation de notre groupe, afin d\u2019assurer la croissance de notre activit\u00e9 de dette priv\u00e9e, qui constitue un vecteur de d\u00e9veloppement essentiel pour Sienna IM. Avec Marianne, ils formeront un trio de dirigeants compl\u00e9mentaire et performant. Je suis ravi de pouvoir compter sur leur expertise et l\u2019engagement, ainsi que sur ceux de Thibault, pour accompagner, ensemble, la trajectoire de croissance de Sienna IM\u00a0\u00bb.<\/em><\/p>\n","protected":false},"excerpt":{"rendered":"<p>Paris, le 23 mai 2024 \u2013 Sienna Investment Managers (Sienna IM) annonce des \u00e9volutions au sein de l\u2019\u00e9quipe de direction [&hellip;]<\/p>\n","protected":false},"author":2,"featured_media":8489,"comment_status":"closed","ping_status":"closed","sticky":false,"template":"","format":"standard","meta":{"_acf_changed":false,"footnotes":""},"categories":[73,32],"class_list":["post-8473","post","type-post","status-publish","format-standard","has-post-thumbnail","hentry"],"acf":{"file":8474,"file_label":"Download PDF"},"_links":{"self":[{"href":"https:\/\/www.sienna-im.com\/fr\/wp-json\/wp\/v2\/posts\/8473","targetHints":{"allow":["GET"]}}],"collection":[{"href":"https:\/\/www.sienna-im.com\/fr\/wp-json\/wp\/v2\/posts"}],"about":[{"href":"https:\/\/www.sienna-im.com\/fr\/wp-json\/wp\/v2\/types\/post"}],"author":[{"embeddable":true,"href":"https:\/\/www.sienna-im.com\/fr\/wp-json\/wp\/v2\/users\/2"}],"replies":[{"embeddable":true,"href":"https:\/\/www.sienna-im.com\/fr\/wp-json\/wp\/v2\/comments?post=8473"}],"version-history":[{"count":1,"href":"https:\/\/www.sienna-im.com\/fr\/wp-json\/wp\/v2\/posts\/8473\/revisions"}],"predecessor-version":[{"id":8476,"href":"https:\/\/www.sienna-im.com\/fr\/wp-json\/wp\/v2\/posts\/8473\/revisions\/8476"}],"wp:featuredmedia":[{"embeddable":true,"href":"https:\/\/www.sienna-im.com\/fr\/wp-json\/wp\/v2\/media\/8489"}],"wp:attachment":[{"href":"https:\/\/www.sienna-im.com\/fr\/wp-json\/wp\/v2\/media?parent=8473"}],"wp:term":[{"taxonomy":"category","embeddable":true,"href":"https:\/\/www.sienna-im.com\/fr\/wp-json\/wp\/v2\/categories?post=8473"}],"curies":[{"name":"wp","href":"https:\/\/api.w.org\/{rel}","templated":true}]}}