{"id":8644,"date":"2024-06-26T12:45:22","date_gmt":"2024-06-26T12:45:22","guid":{"rendered":"https:\/\/www.sienna-im.com\/?p=8644"},"modified":"2025-11-12T10:22:45","modified_gmt":"2025-11-12T10:22:45","slug":"sienna-structure-son-fcpr-evergreen","status":"publish","type":"post","link":"https:\/\/www.sienna-im.com\/fr\/news\/sienna-structure-son-fcpr-evergreen\/","title":{"rendered":"Sienna structure son FCPR Evergreen"},"content":{"rendered":"<p>Sienna Investment Managers \u00e9largit sa gamme de solutions d&rsquo;investissement hybrides. La soci\u00e9t\u00e9 de gestion non cot\u00e9e a annonc\u00e9 mardi 25 juin le lancement du FCPR Evergreen : Sienna Private Assets Allocation.<\/p>\n<p>Pour en lire plus, cliquez ici:<\/p>\n<p>CF NEWS &#8211; <a href=\"https:\/\/www.cfnews.net\/L-actualite\/Marche-General\/Private-equity-retail\/Sienna-structure-son-FCPR-evergreen-490074\">Sienna structure son FCPR Evergreen<\/a><\/p>\n<p>Citywire &#8211; <a href=\"https:\/\/citywire.com\/fr\/news\/sienna-im-lance-un-fcpr-evergreen-avec-cedrus-and-partners\/a2445141\">Sienna IM lance un FCPR Evergreen avec Cedrus and Partners<\/a><\/p>\n<p>Finascope &#8211; <a href=\"https:\/\/finascope.fr\/operations\/loi-industrie-verte-sienna-im-repond-aux-attentes-de-liquidite-avec-un-fcpr-hybride\/\">Loi Industrie Verte: Sienna IM repond aux attentes de liquidite avec un FCPR\u00a0 hybride<\/a><\/p>\n<p>&nbsp;<\/p>\n<p>&nbsp;<\/p>\n<p>&nbsp;<\/p>\n<p>&nbsp;<\/p>\n<p>&nbsp;<\/p>\n","protected":false},"excerpt":{"rendered":"<p>Sienna Investment Managers \u00e9largit sa gamme de solutions d&rsquo;investissement hybrides. La soci\u00e9t\u00e9 de gestion non cot\u00e9e a annonc\u00e9 mardi 25 [&hellip;]<\/p>\n","protected":false},"author":2,"featured_media":15243,"comment_status":"closed","ping_status":"closed","sticky":false,"template":"","format":"standard","meta":{"_acf_changed":false,"footnotes":""},"categories":[73],"class_list":["post-8644","post","type-post","status-publish","format-standard","has-post-thumbnail","hentry"],"acf":{"file":"","file_label":"Download PDF"},"_links":{"self":[{"href":"https:\/\/www.sienna-im.com\/fr\/wp-json\/wp\/v2\/posts\/8644","targetHints":{"allow":["GET"]}}],"collection":[{"href":"https:\/\/www.sienna-im.com\/fr\/wp-json\/wp\/v2\/posts"}],"about":[{"href":"https:\/\/www.sienna-im.com\/fr\/wp-json\/wp\/v2\/types\/post"}],"author":[{"embeddable":true,"href":"https:\/\/www.sienna-im.com\/fr\/wp-json\/wp\/v2\/users\/2"}],"replies":[{"embeddable":true,"href":"https:\/\/www.sienna-im.com\/fr\/wp-json\/wp\/v2\/comments?post=8644"}],"version-history":[{"count":3,"href":"https:\/\/www.sienna-im.com\/fr\/wp-json\/wp\/v2\/posts\/8644\/revisions"}],"predecessor-version":[{"id":15242,"href":"https:\/\/www.sienna-im.com\/fr\/wp-json\/wp\/v2\/posts\/8644\/revisions\/15242"}],"wp:featuredmedia":[{"embeddable":true,"href":"https:\/\/www.sienna-im.com\/fr\/wp-json\/wp\/v2\/media\/15243"}],"wp:attachment":[{"href":"https:\/\/www.sienna-im.com\/fr\/wp-json\/wp\/v2\/media?parent=8644"}],"wp:term":[{"taxonomy":"category","embeddable":true,"href":"https:\/\/www.sienna-im.com\/fr\/wp-json\/wp\/v2\/categories?post=8644"}],"curies":[{"name":"wp","href":"https:\/\/api.w.org\/{rel}","templated":true}]}}