{"id":8775,"date":"2024-07-17T12:42:07","date_gmt":"2024-07-17T12:42:07","guid":{"rendered":"https:\/\/www.sienna-im.com\/?p=8775"},"modified":"2025-11-12T11:07:24","modified_gmt":"2025-11-12T11:07:24","slug":"lagefi-patrimoine-sienna-im-et-cedrus-partners-lancent-un-fcpr-evergreen","status":"publish","type":"post","link":"https:\/\/www.sienna-im.com\/fr\/news\/lagefi-patrimoine-sienna-im-et-cedrus-partners-lancent-un-fcpr-evergreen\/","title":{"rendered":"L&rsquo;Agefi Patrimoine : Sienna IM et Cedrus &#038; Partners lancent un FCPR Evergreen"},"content":{"rendered":"<p style=\"text-align: left;\"><strong>Sienna Investment Managers<\/strong> vient d\u2019annoncer le lancement d\u2019un nouveau fonds commun de placement \u00e0 risque Evergreen en partenariat avec<strong> Cedrus &amp; Partners<\/strong>.<\/p>\n<p style=\"text-align: left;\">Ce fonds, baptis\u00e9\u00a0<strong>FCPR Sienna Private Assets Allocation<\/strong>, est le troisi\u00e8me fonds hybride du groupe <strong>Sienna IM<\/strong>. Il combine le\u00a0private equity, la\u00a0strat\u00e9gie infrastructures\u00a0(repr\u00e9sentant 70 % de l\u2019actif du fonds) et les\u00a0actifs liquides\u00a0(30 %).<\/p>\n<p style=\"text-align: left;\">Class\u00e9 \u00ab article 8 \u00bb selon la r\u00e9glementation SFDR, il s\u2019adresse aux interm\u00e9diaires et investisseurs particuliers, avec un acc\u00e8s \u00e0 partir de 1000 euros. Le FCPR vise un\u00a0TRI net de 8 %\u00a0et dispose d\u2019une poche de liquidit\u00e9. Il est g\u00e9r\u00e9 par <strong>Sienna Gestion<\/strong>, une soci\u00e9t\u00e9 de gestion agr\u00e9\u00e9e par l\u2019<strong>AMF<\/strong> depuis 1997, membre du groupe <strong>Sienna IM<\/strong>. Ce lancement intervient dans le contexte de la loi Industrie verte, qui exige une partie de l\u2019\u00e9pargne investie dans le non-cot\u00e9 pour une gestion profil\u00e9e de long terme.<\/p>\n<p style=\"text-align: left;\">Cliquez <a href=\"https:\/\/www.agefi.fr\/patrimoine\/fonds\/sienna-im-et-cedrus-partners-lancent-un-fcpr-evergreen\">ici<\/a> pour acc\u00e9der au l&rsquo;article complet.<\/p>\n<p style=\"text-align: left;\">\n","protected":false},"excerpt":{"rendered":"<p>Sienna Investment Managers vient d\u2019annoncer le lancement d\u2019un nouveau fonds commun de placement \u00e0 risque Evergreen en partenariat avec Cedrus [&hellip;]<\/p>\n","protected":false},"author":2,"featured_media":15257,"comment_status":"closed","ping_status":"closed","sticky":false,"template":"","format":"standard","meta":{"_acf_changed":false,"footnotes":""},"categories":[73],"class_list":["post-8775","post","type-post","status-publish","format-standard","has-post-thumbnail","hentry"],"acf":{"file":"","file_label":"Download PDF"},"_links":{"self":[{"href":"https:\/\/www.sienna-im.com\/fr\/wp-json\/wp\/v2\/posts\/8775","targetHints":{"allow":["GET"]}}],"collection":[{"href":"https:\/\/www.sienna-im.com\/fr\/wp-json\/wp\/v2\/posts"}],"about":[{"href":"https:\/\/www.sienna-im.com\/fr\/wp-json\/wp\/v2\/types\/post"}],"author":[{"embeddable":true,"href":"https:\/\/www.sienna-im.com\/fr\/wp-json\/wp\/v2\/users\/2"}],"replies":[{"embeddable":true,"href":"https:\/\/www.sienna-im.com\/fr\/wp-json\/wp\/v2\/comments?post=8775"}],"version-history":[{"count":7,"href":"https:\/\/www.sienna-im.com\/fr\/wp-json\/wp\/v2\/posts\/8775\/revisions"}],"predecessor-version":[{"id":15260,"href":"https:\/\/www.sienna-im.com\/fr\/wp-json\/wp\/v2\/posts\/8775\/revisions\/15260"}],"wp:featuredmedia":[{"embeddable":true,"href":"https:\/\/www.sienna-im.com\/fr\/wp-json\/wp\/v2\/media\/15257"}],"wp:attachment":[{"href":"https:\/\/www.sienna-im.com\/fr\/wp-json\/wp\/v2\/media?parent=8775"}],"wp:term":[{"taxonomy":"category","embeddable":true,"href":"https:\/\/www.sienna-im.com\/fr\/wp-json\/wp\/v2\/categories?post=8775"}],"curies":[{"name":"wp","href":"https:\/\/api.w.org\/{rel}","templated":true}]}}