{"id":8964,"date":"2024-09-16T07:45:46","date_gmt":"2024-09-16T07:45:46","guid":{"rendered":"https:\/\/www.sienna-im.com\/?p=8964"},"modified":"2024-12-18T11:20:59","modified_gmt":"2024-12-18T11:20:59","slug":"nomme-directeur-commercial","status":"publish","type":"post","link":"https:\/\/www.sienna-im.com\/fr\/news\/nomme-directeur-commercial\/","title":{"rendered":"Bourse Direct : Sienna IM &#8211; Sergio Trezzi (ex-Invesco) nomm\u00e9 directeur commercial Italie"},"content":{"rendered":"<p>Sienna Investment Managers (Sienna IM) a r\u00e9cemment annonc\u00e9 la nomination de Sergio Trezzi, anciennement chez Invesco, au poste de directeur commercial pour l\u2019Italie.<\/p>\n<p>Il a rejoint l\u2019\u00e9quipe le 2 septembre 2024 et sera bas\u00e9 \u00e0 Milan.\u00a0Sa mission principale sera de d\u00e9velopper les solutions de cr\u00e9dit liquides, priv\u00e9es et hybrides pour les investisseurs italiens.<\/p>\n<p>C\u2019est une belle opportunit\u00e9 pour Sienna IM de renforcer sa pr\u00e9sence en Italie avec l\u2019exp\u00e9rience de Sergio Trezzi, qui a pass\u00e9 20 ans chez Invesco et a \u00e9galement travaill\u00e9 chez Nuveen en tant que responsable du march\u00e9 sud-europ\u00e9en.<\/p>\n<p>Vous pouvez retrouver l\u2019article complet <a href=\"https:\/\/www.boursedirect.fr\/fr\/actualites\/categorie\/actualites-financieres\/sienna-im-sergio-trezzi-ex-invesco-nomme-directeur-commercial-italie-aof-8c3cd8b13d00e6f472350a1c10a083caf6d22806\">ici.<\/a><\/p>\n","protected":false},"excerpt":{"rendered":"<p>Sienna Investment Managers (Sienna IM) a r\u00e9cemment annonc\u00e9 la nomination de Sergio Trezzi, anciennement chez Invesco, au poste de directeur [&hellip;]<\/p>\n","protected":false},"author":2,"featured_media":9094,"comment_status":"closed","ping_status":"closed","sticky":false,"template":"","format":"standard","meta":{"_acf_changed":false,"footnotes":""},"categories":[73],"class_list":["post-8964","post","type-post","status-publish","format-standard","has-post-thumbnail","hentry"],"acf":{"file":"","file_label":"Download PDF"},"_links":{"self":[{"href":"https:\/\/www.sienna-im.com\/fr\/wp-json\/wp\/v2\/posts\/8964","targetHints":{"allow":["GET"]}}],"collection":[{"href":"https:\/\/www.sienna-im.com\/fr\/wp-json\/wp\/v2\/posts"}],"about":[{"href":"https:\/\/www.sienna-im.com\/fr\/wp-json\/wp\/v2\/types\/post"}],"author":[{"embeddable":true,"href":"https:\/\/www.sienna-im.com\/fr\/wp-json\/wp\/v2\/users\/2"}],"replies":[{"embeddable":true,"href":"https:\/\/www.sienna-im.com\/fr\/wp-json\/wp\/v2\/comments?post=8964"}],"version-history":[{"count":6,"href":"https:\/\/www.sienna-im.com\/fr\/wp-json\/wp\/v2\/posts\/8964\/revisions"}],"predecessor-version":[{"id":9096,"href":"https:\/\/www.sienna-im.com\/fr\/wp-json\/wp\/v2\/posts\/8964\/revisions\/9096"}],"wp:featuredmedia":[{"embeddable":true,"href":"https:\/\/www.sienna-im.com\/fr\/wp-json\/wp\/v2\/media\/9094"}],"wp:attachment":[{"href":"https:\/\/www.sienna-im.com\/fr\/wp-json\/wp\/v2\/media?parent=8964"}],"wp:term":[{"taxonomy":"category","embeddable":true,"href":"https:\/\/www.sienna-im.com\/fr\/wp-json\/wp\/v2\/categories?post=8964"}],"curies":[{"name":"wp","href":"https:\/\/api.w.org\/{rel}","templated":true}]}}