{"id":9156,"date":"2024-09-26T07:32:10","date_gmt":"2024-09-26T07:32:10","guid":{"rendered":"https:\/\/www.sienna-im.com\/?p=9156"},"modified":"2025-11-06T15:23:34","modified_gmt":"2025-11-06T15:23:34","slug":"sienna-im-et-ze-energy-finalisent-le-financement-assetco-dun-parc-hybride-solaire-et-stockage-en-france","status":"publish","type":"post","link":"https:\/\/www.sienna-im.com\/fr\/news\/sienna-im-et-ze-energy-finalisent-le-financement-assetco-dun-parc-hybride-solaire-et-stockage-en-france\/","title":{"rendered":"Sienna IM et Ze Energy finalisent le financement Assetco d&rsquo;un Parc Hybride Solaire et Stockage en France"},"content":{"rendered":"<p>Sienna IM, g\u00e9rant d&rsquo;actifs paneurop\u00e9en multi-expertises, a accord\u00e9 un financement dans le cadre d\u2019un montage <em>assetco<\/em> \u00e0 ZE Energy, un leader fran\u00e7ais des projets hybrides combinant photovolta\u00efque et stockage, pour la construction d&rsquo;une centrale au sol \u00e0 grande \u00e9chelle \u00e0 Vert (Landes). Le projet est actuellement en cours de construction et devrait \u00eatre raccord\u00e9 au r\u00e9seau Enedis en d\u00e9but d\u2019ann\u00e9e 2025.<\/p>\n<p>L&rsquo;installation couplera une centrale photovolta\u00efque de 77 MWc avec un syst\u00e8me de stockage par batteries lithium-ion d&rsquo;une capacit\u00e9 de 14,8 MW \/ 33,5 MWh, afin de stocker l&rsquo;\u00e9lectricit\u00e9 en p\u00e9riode de forte production et de l&rsquo;injecter sur le r\u00e9seau lorsque la demande est forte.<\/p>\n<p>Le projet b\u00e9n\u00e9ficiera d\u2019un CPPA contractualis\u00e9 avec Orange France, qui, en sa qualit\u00e9 d\u2019acheteur d&rsquo;\u00e9lectricit\u00e9 de qualit\u00e9 <em>Investment grade<\/em>, vise \u00e0 s\u00e9curiser ses conditions d&rsquo;approvisionnement en \u00e9nergie et \u00e0 am\u00e9liorer la visibilit\u00e9 sur les flux de tr\u00e9sorerie de l&rsquo;actif.<\/p>\n<p>La finalisation de cette transaction est une preuve \u00e9vidente de l\u2019engagement commun de Sienna IM et de ZE Energy pour r\u00e9pondre au d\u00e9fi majeur de l&rsquo;intermittence des \u00e9nergies renouvelables, gr\u00e2ce \u00e0 des solutions innovantes.<\/p>\n<p>Il s\u2019agit d\u2019un nouveau financement accord\u00e9 par Sienna IM dans le cadre de son fonds Predirec ENR 2 (g\u00e9r\u00e9 par Sienna AM France, soci\u00e9t\u00e9 de gestion agr\u00e9\u00e9e par l&rsquo;AMF n\u00b0GP97118, membre du groupe Sienna IM). La strat\u00e9gie <em>Sustainable Infrastructure Debt<\/em> de Sienna IM a financ\u00e9, depuis 2015, des projets d&rsquo;\u00e9nergie renouvelable d&rsquo;une capacit\u00e9 totale de 2GW \u00e0 travers 6 pays en Europe. BCLP a \u00e9t\u00e9 le conseiller juridique du pr\u00eateur.<\/p>\n<p>Mathieu Lassagne, PDG de ZE Energy, a comment\u00e9 : \u00ab <em>Le financement de la construction de ce nouveau projet hybride solaire + stockage marque une nouvelle \u00e9tape dans le d\u00e9veloppement de ZE Energy et d\u00e9montre l&rsquo;attractivit\u00e9 de son mod\u00e8le, notamment aupr\u00e8s d&rsquo;acteurs financiers de premier plan. Le d\u00e9ploiement de solutions int\u00e9grant stockage de l\u2019\u00e9lectricit\u00e9 par batterie, reconnue comme voie d\u2019avenir, va prendre une place de plus en plus importante\u00a0<\/em><\/p>\n<p>Philippe Garrel, directeur des fonds de dette d&rsquo;infrastructure chez Sienna IM, commente : \u00ab <em>Nous sommes ravis de participer au financement de ce projet hybride phare, un actif unique compte tenu de sa grande \u00e9chelle et de la structure de son contrat d&rsquo;achat d&rsquo;\u00e9lectricit\u00e9 (Corporate PPA). Ce financement assetco correspond parfaitement \u00e0 notre philosophie d&rsquo;investissement et d\u00e9montre notre capacit\u00e9 \u00e0 fournir des solutions de financement sur des projets complexes \u00e0 des acteurs du mid-market, avec une forte valeur ajout\u00e9e <\/em>\u00bb.<\/p>\n<p><span style=\"color: #66c6b7;\"><strong>\u00c0 propos de ZE Energy<\/strong><\/span><\/p>\n<p>ZE ENERGY est un producteur ind\u00e9pendant d\u2019\u00e9nergie renouvelable qui a d\u00e9velopp\u00e9 une solution de centrales solaires hybrides, combinant photovolta\u00efque et stockage, adapt\u00e9es \u00e0 l\u2019Europe continentale. ZE ENERGY d\u00e9veloppe, finance, construit et op\u00e8re des centrales hybrides et commercialise l\u2019\u00e9nergie verte \u00e0 des consommateurs finaux ou dans le cadre d\u2019appel d\u2019offres. ZE Energy dispose d\u2019un portefeuille de projets de plus de 1 GW en solaire photovolta\u00efque et de plus de 300 MW de batterie. D\u2019ici 2025, la soci\u00e9t\u00e9 s\u2019est fix\u00e9e pour objectif d\u2019atteindre, gr\u00e2ce \u00e0 son d\u00e9ploiement dans cinq pays, un parc de centrales solaires de plus de 900 MW et une puissance de batteries en op\u00e9ration de plus de 600 MWh. <a href=\"https:\/\/ze-energy.com\/\">https:\/\/ze-energy.com\/<\/a><\/p>\n<p>&nbsp;<\/p>\n<p><span style=\"color: #66c6b7;\"><strong>Contacts presse<\/strong><strong>:<\/strong><\/span><\/p>\n<p><strong>Sienna IM<\/strong><\/p>\n<p>F\u00e9ten Ben Hariz \u2013 <a href=\"mailto:fbenhariz@fargo.agency\">fbenhariz@fargo.agency<\/a> +33 (0)6 16 83 64 06<\/p>\n<p>Maria Krellenstein \u2013 <a href=\"mailto:maria.krellenstein@sienna-im.com\">maria.krellenstein@sienna-im.com<\/a>\u00a0 +33 (0)6 64 37 69 63<\/p>\n<p><strong>ZE Energy<\/strong><\/p>\n<p>Stephanie Kanoui &#8211; <a href=\"mailto:stephanie@agencethedesk.com\">stephanie@agencethedesk.com<\/a>\u00a0 +33 (0)6 11 66 00 50<\/p>\n<p><strong>\u00a0<\/strong><\/p>\n","protected":false},"excerpt":{"rendered":"<p>Sienna IM, g\u00e9rant d&rsquo;actifs paneurop\u00e9en multi-expertises, a accord\u00e9 un financement dans le cadre d\u2019un montage assetco \u00e0 ZE Energy, un [&hellip;]<\/p>\n","protected":false},"author":2,"featured_media":9167,"comment_status":"closed","ping_status":"closed","sticky":false,"template":"","format":"standard","meta":{"_acf_changed":false,"footnotes":""},"categories":[73],"class_list":["post-9156","post","type-post","status-publish","format-standard","has-post-thumbnail","hentry"],"acf":{"file":"","file_label":"Download PDF"},"_links":{"self":[{"href":"https:\/\/www.sienna-im.com\/fr\/wp-json\/wp\/v2\/posts\/9156","targetHints":{"allow":["GET"]}}],"collection":[{"href":"https:\/\/www.sienna-im.com\/fr\/wp-json\/wp\/v2\/posts"}],"about":[{"href":"https:\/\/www.sienna-im.com\/fr\/wp-json\/wp\/v2\/types\/post"}],"author":[{"embeddable":true,"href":"https:\/\/www.sienna-im.com\/fr\/wp-json\/wp\/v2\/users\/2"}],"replies":[{"embeddable":true,"href":"https:\/\/www.sienna-im.com\/fr\/wp-json\/wp\/v2\/comments?post=9156"}],"version-history":[{"count":3,"href":"https:\/\/www.sienna-im.com\/fr\/wp-json\/wp\/v2\/posts\/9156\/revisions"}],"predecessor-version":[{"id":9163,"href":"https:\/\/www.sienna-im.com\/fr\/wp-json\/wp\/v2\/posts\/9156\/revisions\/9163"}],"wp:featuredmedia":[{"embeddable":true,"href":"https:\/\/www.sienna-im.com\/fr\/wp-json\/wp\/v2\/media\/9167"}],"wp:attachment":[{"href":"https:\/\/www.sienna-im.com\/fr\/wp-json\/wp\/v2\/media?parent=9156"}],"wp:term":[{"taxonomy":"category","embeddable":true,"href":"https:\/\/www.sienna-im.com\/fr\/wp-json\/wp\/v2\/categories?post=9156"}],"curies":[{"name":"wp","href":"https:\/\/api.w.org\/{rel}","templated":true}]}}