{"id":9336,"date":"2024-10-25T09:05:55","date_gmt":"2024-10-25T09:05:55","guid":{"rendered":"https:\/\/www.sienna-im.com\/?p=9336"},"modified":"2025-05-23T10:09:01","modified_gmt":"2025-05-23T10:09:01","slug":"biodiversite-sienna-im-se-dote-dun-outil-inedit-developpe-par-habitat","status":"publish","type":"post","link":"https:\/\/www.sienna-im.com\/fr\/news\/biodiversite-sienna-im-se-dote-dun-outil-inedit-developpe-par-habitat\/","title":{"rendered":"BIODIVERSIT\u00c9\u202f: SIENNA IM SE DOTE D\u2019UN OUTIL IN\u00c9DIT D\u00c9VELOPP\u00c9 PAR HABITAT"},"content":{"rendered":"<p><b><span data-contrast=\"auto\">Sienna Investment Managers (Sienna IM), g\u00e9rant d\u2019actifs pan-europ\u00e9en, et Habitat, entreprise de solutions environnementales bas\u00e9e \u00e0 Montr\u00e9al, signent un partenariat transatlantique pour mieux mesurer la biodiversit\u00e9 dans les portefeuilles de fonds de dette priv\u00e9e et ainsi contribuer \u00e0 sa pr\u00e9servation.<\/span><\/b><span data-contrast=\"auto\">\u00a0<\/span><span data-ccp-props=\"{&quot;201341983&quot;:0,&quot;335551550&quot;:6,&quot;335551620&quot;:6,&quot;335559739&quot;:0,&quot;335559740&quot;:240}\">\u00a0<\/span><\/p>\n<p><span data-contrast=\"auto\">Dans le cadre de ce partenariat, les \u00e9quipes d\u2019analyse et de gestion de Sienna IM sp\u00e9cialis\u00e9es dans le financement direct des soci\u00e9t\u00e9s europ\u00e9ennes de taille moyenne auront acc\u00e8s \u00e0 <\/span><b><span data-contrast=\"auto\">l\u2019outil innovant et in\u00e9dit en Europe, <\/span><\/b><b><span data-contrast=\"auto\">NatureInvest<\/span><\/b><b><span data-contrast=\"auto\">TM<\/span><\/b><b><span data-contrast=\"auto\">,<\/span><\/b> <b><span data-contrast=\"auto\">lanc\u00e9 aujourd\u2019hui \u00e0 la COP16 Biodiversit\u00e9<\/span><\/b><span data-contrast=\"auto\"> en Colombie. Cet <\/span><span data-contrast=\"auto\">outil, d\u00e9velopp\u00e9 par la R&amp;D d\u2019Habitat, <\/span><span data-contrast=\"auto\">a la particularit\u00e9 d\u2019\u00e9valuer rapidement et sur des bases scientifiques rigoureuses l\u2019impact potentiel d\u2019un investissement sur la biodiversit\u00e9, mais aussi le degr\u00e9 d\u2019engagement envers la biodiversit\u00e9 de l\u2019entreprise \u00e9valu\u00e9e, ses strat\u00e9gies internes ainsi que le caract\u00e8re additionnel qu\u2019elle peut avoir au regard de la l\u00e9gislation en place. Cette approche d\u2019analyse multidimensionnelle constitue une avanc\u00e9e majeure dans le domaine.<\/span><span data-ccp-props=\"{&quot;201341983&quot;:0,&quot;335551550&quot;:6,&quot;335551620&quot;:6,&quot;335559739&quot;:0,&quot;335559740&quot;:240}\">\u00a0<\/span><\/p>\n<p><span data-contrast=\"auto\">Laurent Dubois, Managing Director \u2013 Private Credit\u202f: <\/span><i><span data-contrast=\"auto\">\u00ab\u202fSienna IM souhaite s\u2019engager au travers de ses investissements et accompagner ainsi les entreprises de ses portefeuilles dans leur strat\u00e9gie de durabilit\u00e9. L\u2019outil de pointe d\u2019Habitat, dont nous serons les premiers \u00e0 b\u00e9n\u00e9ficier en Europe, nous permettra de travailler avec les emprunteurs sur leur trajectoire de la biodiversit\u00e9, tant en \u00e9valuant leur situation actuelle qu\u2019en mesurant leur progression et l\u2019ad\u00e9quation avec les choix retenus, en accord avec le Cadre mondial de la biodiversit\u00e9 de Kunming-Montr\u00e9al.<\/span><\/i><span data-ccp-props=\"{&quot;201341983&quot;:0,&quot;335551550&quot;:6,&quot;335551620&quot;:6,&quot;335559739&quot;:0,&quot;335559740&quot;:240}\">\u00a0<\/span><\/p>\n<p><i><span data-contrast=\"auto\">Cette analyse objective sera int\u00e9gr\u00e9e \u00e0 nos d\u00e9cisions de financement en dette priv\u00e9e car, pour nous, une entreprise sans conscience des impacts environnementaux pr\u00e9sente un niveau de risque financier accru et potentiellement inadapt\u00e9 \u00e0 une strat\u00e9gie d\u2019investissement, telle que souhait\u00e9e par nos investisseurs.<\/span><\/i><span data-ccp-props=\"{&quot;201341983&quot;:0,&quot;335551550&quot;:6,&quot;335551620&quot;:6,&quot;335559739&quot;:0,&quot;335559740&quot;:240}\">\u00a0<\/span><\/p>\n<p><i><span data-contrast=\"auto\">Nous sommes convaincus que le secteur financier porte une responsabilit\u00e9 particuli\u00e8re dans la transformation de l\u2019\u00e9conomie vers un mod\u00e8le plus durable et qu\u2019il doit prendre le relais des engagements qui seront act\u00e9s par les Etats lors de la COP16 Biodiversit\u00e9 qui se tient en ce moment.\u202f\u00bb<\/span><\/i><span data-ccp-props=\"{&quot;201341983&quot;:0,&quot;335551550&quot;:6,&quot;335551620&quot;:6,&quot;335559739&quot;:0,&quot;335559740&quot;:240}\">\u00a0<\/span><\/p>\n<p><span data-contrast=\"auto\">J\u00e9r\u00f4me Dupras, PDG d\u2019Habitat\u202f: \u00ab\u202f<\/span><i><span data-contrast=\"auto\">Nous sommes tr\u00e8s heureux d\u2019avoir l\u2019opportunit\u00e9 de d\u00e9ployer en primeur <\/span><\/i><i><span data-contrast=\"none\">NatureInvest<\/span><\/i><i><span data-contrast=\"none\">TM<\/span><\/i><i><span data-contrast=\"auto\"> avec une organisation comme Sienna IM, qui choisit de prioriser la durabilit\u00e9 et de mettre la conservation de la biodiversit\u00e9 au c\u0153ur de ses d\u00e9cisions d\u2019affaires. Investir en faveur de la biodiversit\u00e9 n\u2019est plus une option, mais une n\u00e9cessit\u00e9 et les financements priv\u00e9s ont un r\u00f4le important \u00e0 jouer. <\/span><\/i><i><span data-contrast=\"none\">NatureInvest<\/span><\/i><i><span data-contrast=\"none\">TM<\/span><\/i><i><span data-contrast=\"auto\"> repr\u00e9sente une avanc\u00e9e importante dans la transition vers une finance plus durable<\/span><\/i><span data-contrast=\"auto\">\u202f\u00bb.<\/span><span data-ccp-props=\"{&quot;201341983&quot;:0,&quot;335551550&quot;:6,&quot;335551620&quot;:6,&quot;335559739&quot;:0,&quot;335559740&quot;:240}\">\u00a0<\/span><\/p>\n<p style=\"text-align: center;\">&#8212;&#8212;&#8212;&#8212;&#8212;&#8212;&#8212;&#8212;&#8212;&#8212;&#8212;&#8212;&#8212;&#8212;&#8212;&#8212;&#8212;&#8212;&#8212;&#8212;&#8212;&#8212;&#8212;&#8212;&#8212;&#8212;&#8212;&#8212;&#8212;&#8212;&#8212;&#8212;&#8212;&#8212;&#8212;&#8212;&#8212;&#8212;&#8212;&#8212;&#8212;&#8212;&#8212;&#8212;&#8212;&#8212;&#8212;&#8212;-<\/p>\n<p><b><span data-contrast=\"auto\">\u00c0 propos d\u2019Habitat<\/span><\/b><span data-ccp-props=\"{&quot;201341983&quot;:1,&quot;335551550&quot;:6,&quot;335551620&quot;:6,&quot;335559738&quot;:60,&quot;335559739&quot;:120,&quot;335559740&quot;:220}\">\u00a0<\/span><\/p>\n<p><span data-contrast=\"auto\">Habitat est une entreprise de solutions environnementales bas\u00e9e \u00e0 Montr\u00e9al (Canada), qui se sp\u00e9cialise dans la mesure de la biodiversit\u00e9, l&rsquo;\u00e9valuation des services \u00e9cosyst\u00e9miques et la planification de la gestion durable du territoire. La mission d\u2019Habitat est d\u2019acc\u00e9l\u00e9rer la transition \u00e9cologique en guidant les organisations vers des pratiques qui pr\u00e9servent la biodiversit\u00e9 et renforcent leur r\u00e9silience face aux changements climatiques. Pour en apprendre davantage sur les services d\u2019Habitat\u202f: www.habitat-nature.com\u202f\u202f<\/span><span data-contrast=\"auto\">\u202f<\/span><span data-ccp-props=\"{&quot;201341983&quot;:1,&quot;335551550&quot;:6,&quot;335551620&quot;:6,&quot;335559738&quot;:60,&quot;335559739&quot;:120,&quot;335559740&quot;:220}\">\u00a0<\/span><\/p>\n<p><span data-ccp-props=\"{&quot;201341983&quot;:1,&quot;335551550&quot;:6,&quot;335551620&quot;:6,&quot;335559739&quot;:0,&quot;335559740&quot;:220}\">\u00a0<\/span><\/p>\n<p><b><span data-contrast=\"none\">Contacts presse<\/span><\/b><span data-ccp-props=\"{&quot;335551550&quot;:6,&quot;335551620&quot;:6,&quot;335559738&quot;:60,&quot;335559739&quot;:120}\">\u00a0<\/span><\/p>\n<p><span data-contrast=\"auto\">F\u00e9ten Ben Hariz \u2013 <\/span><a href=\"mailto:fbenhariz@fargo.agency\"><span data-contrast=\"none\">fbenhariz@fargo.agency<\/span><\/a><span data-contrast=\"auto\"> +33 (0)6 16 83 64 06\u00a0<\/span><span data-ccp-props=\"{&quot;335559739&quot;:0}\">\u00a0<\/span><\/p>\n<p><span data-contrast=\"auto\">Maria Krellenstein \u2013 <\/span><a href=\"mailto:maria.krellenstein@sienna-im.com\"><span data-contrast=\"none\">maria.krellenstein@sienna-im.com<\/span><\/a><span data-contrast=\"auto\">\u00a0 +33 (0)6 64 37 69 63<\/span><span data-ccp-props=\"{&quot;335559739&quot;:0}\">\u00a0<\/span><\/p>\n","protected":false},"excerpt":{"rendered":"<p>Sienna Investment Managers (Sienna IM), g\u00e9rant d\u2019actifs pan-europ\u00e9en, et Habitat, entreprise de solutions environnementales bas\u00e9e \u00e0 Montr\u00e9al, signent un partenariat [&hellip;]<\/p>\n","protected":false},"author":2,"featured_media":9345,"comment_status":"closed","ping_status":"closed","sticky":false,"template":"","format":"standard","meta":{"_acf_changed":false,"footnotes":""},"categories":[133,87],"class_list":["post-9336","post","type-post","status-publish","format-standard","has-post-thumbnail","hentry"],"acf":{"file":"","file_label":"Download PDF"},"_links":{"self":[{"href":"https:\/\/www.sienna-im.com\/fr\/wp-json\/wp\/v2\/posts\/9336","targetHints":{"allow":["GET"]}}],"collection":[{"href":"https:\/\/www.sienna-im.com\/fr\/wp-json\/wp\/v2\/posts"}],"about":[{"href":"https:\/\/www.sienna-im.com\/fr\/wp-json\/wp\/v2\/types\/post"}],"author":[{"embeddable":true,"href":"https:\/\/www.sienna-im.com\/fr\/wp-json\/wp\/v2\/users\/2"}],"replies":[{"embeddable":true,"href":"https:\/\/www.sienna-im.com\/fr\/wp-json\/wp\/v2\/comments?post=9336"}],"version-history":[{"count":3,"href":"https:\/\/www.sienna-im.com\/fr\/wp-json\/wp\/v2\/posts\/9336\/revisions"}],"predecessor-version":[{"id":9340,"href":"https:\/\/www.sienna-im.com\/fr\/wp-json\/wp\/v2\/posts\/9336\/revisions\/9340"}],"wp:featuredmedia":[{"embeddable":true,"href":"https:\/\/www.sienna-im.com\/fr\/wp-json\/wp\/v2\/media\/9345"}],"wp:attachment":[{"href":"https:\/\/www.sienna-im.com\/fr\/wp-json\/wp\/v2\/media?parent=9336"}],"wp:term":[{"taxonomy":"category","embeddable":true,"href":"https:\/\/www.sienna-im.com\/fr\/wp-json\/wp\/v2\/categories?post=9336"}],"curies":[{"name":"wp","href":"https:\/\/api.w.org\/{rel}","templated":true}]}}